{"id":16,"date":"2018-05-28T13:11:23","date_gmt":"2018-05-28T11:11:23","guid":{"rendered":"https:\/\/www.saaswedo.com\/mise-en-application-du-rgpd-ready\/"},"modified":"2026-03-10T15:51:51","modified_gmt":"2026-03-10T14:51:51","slug":"mise-en-application-du-rgpd-ready","status":"publish","type":"post","link":"https:\/\/www.saaswedo.com\/fr\/mise-en-application-du-rgpd-ready\/","title":{"rendered":"Mise en application du RGPD &#8211; Ready"},"content":{"rendered":"<p>Depuis le 25 mai 2018, la r\u00e9glementation \u00e9volue avec l\u2019entr\u00e9e en vigueur du R\u00e8glement G\u00e9n\u00e9ral sur la Protection des Donn\u00e9es (\u00ab RGPD \u00bb). Nous vous informons que SAASWEDO respecte cette nouvelle r\u00e9glementation et se conforme ainsi aux obligations qui lui incombent en tant que <strong>sous-traitant de donn\u00e9es personnelles<\/strong>.<\/p>\n<p>Vous trouverez les d\u00e9tails de nos engagements en cliquant sur le lien suivant\u00a0: <a href=\"https:\/\/saaswedo.zendesk.com\/hc\/fr\/articles\/360000486726-Engagements-contractuels-de-Saaswedo-RGPD\">https:\/\/saaswedo.zendesk.com\/hc\/fr\/articles\/360000486726-Engagements-contractuels-de-Saaswedo-RGPD<\/a><\/p>\n<p>Vous pouvez \u00e9galement en prendre connaissance dans la pi\u00e8ce jointe \u00e0 ce message. Nos conditions contractuelles s\u2019en trouvent ainsi modifi\u00e9es afin de formaliser nos engagements respectifs applicables depuis ce 25 mai 2018. <strong>La signature d\u2019un avenant \u00e0 notre contrat portant sur les donn\u00e9es personnelles n\u2019est donc pas n\u00e9cessaire<\/strong>.<\/p>\n<p>Dans le cas o\u00f9 les conditions propos\u00e9es ne vous conviendraient pas, vous avez la possibilit\u00e9 de les refuser et de mettre fin \u00e0 notre contrat de partenariat, suivant les conditions pr\u00e9vues, et ce en nous le notifiant avant le 30 septembre 2018 par lettre recommand\u00e9e avec avis de r\u00e9ception et sous r\u00e9serve d\u2019un pr\u00e9avis.<\/p>\n<p>Nous nous tenons cependant \u00e0 votre disposition dans le cas o\u00f9 vous souhaiteriez formaliser diff\u00e9remment nos accords, notamment par voie d\u2019avenant au contrat existant. Notre \u00e9quipe et moi-m\u00eame restons \u00e0 votre enti\u00e8re disposition pour, le cas \u00e9ch\u00e9ant, r\u00e9pondre \u00e0 vos questions sur ce sujet.<\/p>\n<p>Gilles MEZARI<\/p>\n","protected":false},"excerpt":{"rendered":"<p>Depuis le 25 mai 2018, la r\u00e9glementation \u00e9volue avec l\u2019entr\u00e9e en vigueur du R\u00e8glement G\u00e9n\u00e9ral sur la Protection des Donn\u00e9es (\u00ab RGPD \u00bb). Nous vous informons que SAASWEDO respecte cette nouvelle r\u00e9glementation et se conforme ainsi aux obligations qui lui incombent en tant que sous-traitant de donn\u00e9es personnelles. Vous trouverez les d\u00e9tails de nos engagements [&hellip;]<\/p>\n","protected":false},"author":2,"featured_media":17,"comment_status":"closed","ping_status":"open","sticky":false,"template":"","format":"standard","meta":{"inline_featured_image":false,"footnotes":""},"categories":[14],"tags":[],"class_list":["post-16","post","type-post","status-publish","format-standard","has-post-thumbnail","hentry","category-actualites","grve-entry-item","grve-blog-item"],"yoast_head":"<!-- This site is optimized with the Yoast SEO plugin v27.2 - https:\/\/yoast.com\/product\/yoast-seo-wordpress\/ -->\n<title>Mise en application du RGPD - Ready - Saaswedo - Performance durable de la Digital Workplace<\/title>\n<meta name=\"robots\" content=\"index, follow, max-snippet:-1, max-image-preview:large, max-video-preview:-1\" \/>\n<link rel=\"canonical\" href=\"https:\/\/www.saaswedo.com\/fr\/mise-en-application-du-rgpd-ready\/\" \/>\n<meta property=\"og:locale\" content=\"fr_FR\" \/>\n<meta property=\"og:type\" content=\"article\" \/>\n<meta property=\"og:title\" content=\"Mise en application du RGPD \u2013 Ready - Saaswedo\" \/>\n<meta property=\"og:description\" content=\"Depuis le 25 mai 2018, la r\u00e9glementation \u00e9volue avec l\u2019entr\u00e9e en vigueur du R\u00e8glement G\u00e9n\u00e9ral sur la Protection des Donn\u00e9es (\u00ab RGPD \u00bb). Nous vous in ...\" \/>\n<meta property=\"og:url\" content=\"https:\/\/www.saaswedo.com\/fr\/mise-en-application-du-rgpd-ready\/\" \/>\n<meta property=\"og:site_name\" content=\"SAASWEDO - Sustainable Digital Workplace performance\" \/>\n<meta property=\"article:published_time\" content=\"2018-05-28T11:11:23+00:00\" \/>\n<meta property=\"article:modified_time\" content=\"2026-03-10T14:51:51+00:00\" \/>\n<meta property=\"og:image\" content=\"https:\/\/www.saaswedo.com\/wp-content\/uploads\/2022\/11\/LOGO-RGPDvweb-V2.png\" \/>\n\t<meta property=\"og:image:width\" content=\"900\" \/>\n\t<meta property=\"og:image:height\" content=\"536\" \/>\n\t<meta property=\"og:image:type\" content=\"image\/png\" \/>\n<meta name=\"author\" content=\"Charles Deplanque\" \/>\n<meta name=\"twitter:card\" content=\"summary_large_image\" \/>\n<meta name=\"twitter:title\" content=\"Mise en application du RGPD \u2013 Ready - Saaswedo\" \/>\n<meta name=\"twitter:description\" content=\"Depuis le 25 mai 2018, la r\u00e9glementation \u00e9volue avec l\u2019entr\u00e9e en vigueur du R\u00e8glement G\u00e9n\u00e9ral sur la Protection des Donn\u00e9es (\u00ab RGPD \u00bb). Nous vous in ...\" \/>\n<meta name=\"twitter:label1\" content=\"\u00c9crit par\" \/>\n\t<meta name=\"twitter:data1\" content=\"Charles Deplanque\" \/>\n\t<meta name=\"twitter:label2\" content=\"Dur\u00e9e de lecture estim\u00e9e\" \/>\n\t<meta name=\"twitter:data2\" content=\"2 minutes\" \/>\n<script type=\"application\/ld+json\" class=\"yoast-schema-graph\">{\"@context\":\"https:\/\/schema.org\",\"@graph\":[{\"@type\":\"Article\",\"@id\":\"https:\/\/www.saaswedo.com\/fr\/mise-en-application-du-rgpd-ready\/#article\",\"isPartOf\":{\"@id\":\"https:\/\/www.saaswedo.com\/fr\/mise-en-application-du-rgpd-ready\/\"},\"author\":{\"name\":\"Charles Deplanque\",\"@id\":\"https:\/\/www.saaswedo.com\/fr\/#\/schema\/person\/924c38c0af74529437151641611830a7\"},\"headline\":\"Mise en application du RGPD &#8211; Ready\",\"datePublished\":\"2018-05-28T11:11:23+00:00\",\"dateModified\":\"2026-03-10T14:51:51+00:00\",\"mainEntityOfPage\":{\"@id\":\"https:\/\/www.saaswedo.com\/fr\/mise-en-application-du-rgpd-ready\/\"},\"wordCount\":240,\"publisher\":{\"@id\":\"https:\/\/www.saaswedo.com\/fr\/#organization\"},\"image\":{\"@id\":\"https:\/\/www.saaswedo.com\/fr\/mise-en-application-du-rgpd-ready\/#primaryimage\"},\"thumbnailUrl\":\"https:\/\/www.saaswedo.com\/wp-content\/uploads\/2022\/11\/LOGO-RGPDvweb-V2.png\",\"articleSection\":[\"Actualit\u00e9s\"],\"inLanguage\":\"fr-FR\"},{\"@type\":\"WebPage\",\"@id\":\"https:\/\/www.saaswedo.com\/fr\/mise-en-application-du-rgpd-ready\/\",\"url\":\"https:\/\/www.saaswedo.com\/fr\/mise-en-application-du-rgpd-ready\/\",\"name\":\"Mise en application du RGPD - Ready - Saaswedo - Performance durable de la Digital Workplace\",\"isPartOf\":{\"@id\":\"https:\/\/www.saaswedo.com\/fr\/#website\"},\"primaryImageOfPage\":{\"@id\":\"https:\/\/www.saaswedo.com\/fr\/mise-en-application-du-rgpd-ready\/#primaryimage\"},\"image\":{\"@id\":\"https:\/\/www.saaswedo.com\/fr\/mise-en-application-du-rgpd-ready\/#primaryimage\"},\"thumbnailUrl\":\"https:\/\/www.saaswedo.com\/wp-content\/uploads\/2022\/11\/LOGO-RGPDvweb-V2.png\",\"datePublished\":\"2018-05-28T11:11:23+00:00\",\"dateModified\":\"2026-03-10T14:51:51+00:00\",\"breadcrumb\":{\"@id\":\"https:\/\/www.saaswedo.com\/fr\/mise-en-application-du-rgpd-ready\/#breadcrumb\"},\"inLanguage\":\"fr-FR\",\"potentialAction\":[{\"@type\":\"ReadAction\",\"target\":[\"https:\/\/www.saaswedo.com\/fr\/mise-en-application-du-rgpd-ready\/\"]}]},{\"@type\":\"ImageObject\",\"inLanguage\":\"fr-FR\",\"@id\":\"https:\/\/www.saaswedo.com\/fr\/mise-en-application-du-rgpd-ready\/#primaryimage\",\"url\":\"https:\/\/www.saaswedo.com\/wp-content\/uploads\/2022\/11\/LOGO-RGPDvweb-V2.png\",\"contentUrl\":\"https:\/\/www.saaswedo.com\/wp-content\/uploads\/2022\/11\/LOGO-RGPDvweb-V2.png\",\"width\":900,\"height\":536},{\"@type\":\"BreadcrumbList\",\"@id\":\"https:\/\/www.saaswedo.com\/fr\/mise-en-application-du-rgpd-ready\/#breadcrumb\",\"itemListElement\":[{\"@type\":\"ListItem\",\"position\":1,\"name\":\"Accueil\",\"item\":\"https:\/\/www.saaswedo.com\/fr\/\"},{\"@type\":\"ListItem\",\"position\":2,\"name\":\"Mise en application du RGPD &#8211; Ready\"}]},{\"@type\":\"WebSite\",\"@id\":\"https:\/\/www.saaswedo.com\/fr\/#website\",\"url\":\"https:\/\/www.saaswedo.com\/fr\/\",\"name\":\"SAASWEDO - Sustainable Digital Workplace performance\",\"description\":\"Depuis plus de 15 ans, Saaswedo d\u00e9livre aux entreprises des offres qui permettent de maitriser leur politique IT et t\u00e9l\u00e9com, de simplifier la gestion de leurs actifs et d\u2019optimiser leurs co\u00fbts.\",\"publisher\":{\"@id\":\"https:\/\/www.saaswedo.com\/fr\/#organization\"},\"potentialAction\":[{\"@type\":\"SearchAction\",\"target\":{\"@type\":\"EntryPoint\",\"urlTemplate\":\"https:\/\/www.saaswedo.com\/fr\/?s={search_term_string}\"},\"query-input\":{\"@type\":\"PropertyValueSpecification\",\"valueRequired\":true,\"valueName\":\"search_term_string\"}}],\"inLanguage\":\"fr-FR\"},{\"@type\":\"Organization\",\"@id\":\"https:\/\/www.saaswedo.com\/fr\/#organization\",\"name\":\"SAASWEDO\",\"url\":\"https:\/\/www.saaswedo.com\/fr\/\",\"logo\":{\"@type\":\"ImageObject\",\"inLanguage\":\"fr-FR\",\"@id\":\"https:\/\/www.saaswedo.com\/fr\/#\/schema\/logo\/image\/\",\"url\":\"https:\/\/www.saaswedo.com\/wp-content\/uploads\/2022\/11\/cropped-saaswedo-profil_512-1.png\",\"contentUrl\":\"https:\/\/www.saaswedo.com\/wp-content\/uploads\/2022\/11\/cropped-saaswedo-profil_512-1.png\",\"width\":512,\"height\":512,\"caption\":\"SAASWEDO\"},\"image\":{\"@id\":\"https:\/\/www.saaswedo.com\/fr\/#\/schema\/logo\/image\/\"},\"sameAs\":[\"https:\/\/www.linkedin.com\/company\/saaswedo\/?originalSubdomain=fr\"]},{\"@type\":\"Person\",\"@id\":\"https:\/\/www.saaswedo.com\/fr\/#\/schema\/person\/924c38c0af74529437151641611830a7\",\"name\":\"Charles Deplanque\",\"image\":{\"@type\":\"ImageObject\",\"inLanguage\":\"fr-FR\",\"@id\":\"https:\/\/secure.gravatar.com\/avatar\/88a8a3468e6cbbb38e358a7032367c06610a88973f70044d432e6d49689f524d?s=96&d=mm&r=g\",\"url\":\"https:\/\/secure.gravatar.com\/avatar\/88a8a3468e6cbbb38e358a7032367c06610a88973f70044d432e6d49689f524d?s=96&d=mm&r=g\",\"contentUrl\":\"https:\/\/secure.gravatar.com\/avatar\/88a8a3468e6cbbb38e358a7032367c06610a88973f70044d432e6d49689f524d?s=96&d=mm&r=g\",\"caption\":\"Charles Deplanque\"}}]}<\/script>\n<!-- \/ Yoast SEO plugin. -->","yoast_head_json":{"title":"Mise en application du RGPD - Ready - Saaswedo - Performance durable de la Digital Workplace","robots":{"index":"index","follow":"follow","max-snippet":"max-snippet:-1","max-image-preview":"max-image-preview:large","max-video-preview":"max-video-preview:-1"},"canonical":"https:\/\/www.saaswedo.com\/fr\/mise-en-application-du-rgpd-ready\/","og_locale":"fr_FR","og_type":"article","og_title":"Mise en application du RGPD \u2013 Ready - Saaswedo","og_description":"Depuis le 25 mai 2018, la r\u00e9glementation \u00e9volue avec l\u2019entr\u00e9e en vigueur du R\u00e8glement G\u00e9n\u00e9ral sur la Protection des Donn\u00e9es (\u00ab RGPD \u00bb). Nous vous in ...","og_url":"https:\/\/www.saaswedo.com\/fr\/mise-en-application-du-rgpd-ready\/","og_site_name":"SAASWEDO - Sustainable Digital Workplace performance","article_published_time":"2018-05-28T11:11:23+00:00","article_modified_time":"2026-03-10T14:51:51+00:00","og_image":[{"width":900,"height":536,"url":"https:\/\/www.saaswedo.com\/wp-content\/uploads\/2022\/11\/LOGO-RGPDvweb-V2.png","type":"image\/png"}],"author":"Charles Deplanque","twitter_card":"summary_large_image","twitter_title":"Mise en application du RGPD \u2013 Ready - Saaswedo","twitter_description":"Depuis le 25 mai 2018, la r\u00e9glementation \u00e9volue avec l\u2019entr\u00e9e en vigueur du R\u00e8glement G\u00e9n\u00e9ral sur la Protection des Donn\u00e9es (\u00ab RGPD \u00bb). Nous vous in ...","twitter_misc":{"\u00c9crit par":"Charles Deplanque","Dur\u00e9e de lecture estim\u00e9e":"2 minutes"},"schema":{"@context":"https:\/\/schema.org","@graph":[{"@type":"Article","@id":"https:\/\/www.saaswedo.com\/fr\/mise-en-application-du-rgpd-ready\/#article","isPartOf":{"@id":"https:\/\/www.saaswedo.com\/fr\/mise-en-application-du-rgpd-ready\/"},"author":{"name":"Charles Deplanque","@id":"https:\/\/www.saaswedo.com\/fr\/#\/schema\/person\/924c38c0af74529437151641611830a7"},"headline":"Mise en application du RGPD &#8211; Ready","datePublished":"2018-05-28T11:11:23+00:00","dateModified":"2026-03-10T14:51:51+00:00","mainEntityOfPage":{"@id":"https:\/\/www.saaswedo.com\/fr\/mise-en-application-du-rgpd-ready\/"},"wordCount":240,"publisher":{"@id":"https:\/\/www.saaswedo.com\/fr\/#organization"},"image":{"@id":"https:\/\/www.saaswedo.com\/fr\/mise-en-application-du-rgpd-ready\/#primaryimage"},"thumbnailUrl":"https:\/\/www.saaswedo.com\/wp-content\/uploads\/2022\/11\/LOGO-RGPDvweb-V2.png","articleSection":["Actualit\u00e9s"],"inLanguage":"fr-FR"},{"@type":"WebPage","@id":"https:\/\/www.saaswedo.com\/fr\/mise-en-application-du-rgpd-ready\/","url":"https:\/\/www.saaswedo.com\/fr\/mise-en-application-du-rgpd-ready\/","name":"Mise en application du RGPD - Ready - Saaswedo - Performance durable de la Digital Workplace","isPartOf":{"@id":"https:\/\/www.saaswedo.com\/fr\/#website"},"primaryImageOfPage":{"@id":"https:\/\/www.saaswedo.com\/fr\/mise-en-application-du-rgpd-ready\/#primaryimage"},"image":{"@id":"https:\/\/www.saaswedo.com\/fr\/mise-en-application-du-rgpd-ready\/#primaryimage"},"thumbnailUrl":"https:\/\/www.saaswedo.com\/wp-content\/uploads\/2022\/11\/LOGO-RGPDvweb-V2.png","datePublished":"2018-05-28T11:11:23+00:00","dateModified":"2026-03-10T14:51:51+00:00","breadcrumb":{"@id":"https:\/\/www.saaswedo.com\/fr\/mise-en-application-du-rgpd-ready\/#breadcrumb"},"inLanguage":"fr-FR","potentialAction":[{"@type":"ReadAction","target":["https:\/\/www.saaswedo.com\/fr\/mise-en-application-du-rgpd-ready\/"]}]},{"@type":"ImageObject","inLanguage":"fr-FR","@id":"https:\/\/www.saaswedo.com\/fr\/mise-en-application-du-rgpd-ready\/#primaryimage","url":"https:\/\/www.saaswedo.com\/wp-content\/uploads\/2022\/11\/LOGO-RGPDvweb-V2.png","contentUrl":"https:\/\/www.saaswedo.com\/wp-content\/uploads\/2022\/11\/LOGO-RGPDvweb-V2.png","width":900,"height":536},{"@type":"BreadcrumbList","@id":"https:\/\/www.saaswedo.com\/fr\/mise-en-application-du-rgpd-ready\/#breadcrumb","itemListElement":[{"@type":"ListItem","position":1,"name":"Accueil","item":"https:\/\/www.saaswedo.com\/fr\/"},{"@type":"ListItem","position":2,"name":"Mise en application du RGPD &#8211; Ready"}]},{"@type":"WebSite","@id":"https:\/\/www.saaswedo.com\/fr\/#website","url":"https:\/\/www.saaswedo.com\/fr\/","name":"SAASWEDO - Sustainable Digital Workplace performance","description":"Depuis plus de 15 ans, Saaswedo d\u00e9livre aux entreprises des offres qui permettent de maitriser leur politique IT et t\u00e9l\u00e9com, de simplifier la gestion de leurs actifs et d\u2019optimiser leurs co\u00fbts.","publisher":{"@id":"https:\/\/www.saaswedo.com\/fr\/#organization"},"potentialAction":[{"@type":"SearchAction","target":{"@type":"EntryPoint","urlTemplate":"https:\/\/www.saaswedo.com\/fr\/?s={search_term_string}"},"query-input":{"@type":"PropertyValueSpecification","valueRequired":true,"valueName":"search_term_string"}}],"inLanguage":"fr-FR"},{"@type":"Organization","@id":"https:\/\/www.saaswedo.com\/fr\/#organization","name":"SAASWEDO","url":"https:\/\/www.saaswedo.com\/fr\/","logo":{"@type":"ImageObject","inLanguage":"fr-FR","@id":"https:\/\/www.saaswedo.com\/fr\/#\/schema\/logo\/image\/","url":"https:\/\/www.saaswedo.com\/wp-content\/uploads\/2022\/11\/cropped-saaswedo-profil_512-1.png","contentUrl":"https:\/\/www.saaswedo.com\/wp-content\/uploads\/2022\/11\/cropped-saaswedo-profil_512-1.png","width":512,"height":512,"caption":"SAASWEDO"},"image":{"@id":"https:\/\/www.saaswedo.com\/fr\/#\/schema\/logo\/image\/"},"sameAs":["https:\/\/www.linkedin.com\/company\/saaswedo\/?originalSubdomain=fr"]},{"@type":"Person","@id":"https:\/\/www.saaswedo.com\/fr\/#\/schema\/person\/924c38c0af74529437151641611830a7","name":"Charles Deplanque","image":{"@type":"ImageObject","inLanguage":"fr-FR","@id":"https:\/\/secure.gravatar.com\/avatar\/88a8a3468e6cbbb38e358a7032367c06610a88973f70044d432e6d49689f524d?s=96&d=mm&r=g","url":"https:\/\/secure.gravatar.com\/avatar\/88a8a3468e6cbbb38e358a7032367c06610a88973f70044d432e6d49689f524d?s=96&d=mm&r=g","contentUrl":"https:\/\/secure.gravatar.com\/avatar\/88a8a3468e6cbbb38e358a7032367c06610a88973f70044d432e6d49689f524d?s=96&d=mm&r=g","caption":"Charles Deplanque"}}]}},"_links":{"self":[{"href":"https:\/\/www.saaswedo.com\/fr\/wp-json\/wp\/v2\/posts\/16","targetHints":{"allow":["GET"]}}],"collection":[{"href":"https:\/\/www.saaswedo.com\/fr\/wp-json\/wp\/v2\/posts"}],"about":[{"href":"https:\/\/www.saaswedo.com\/fr\/wp-json\/wp\/v2\/types\/post"}],"author":[{"embeddable":true,"href":"https:\/\/www.saaswedo.com\/fr\/wp-json\/wp\/v2\/users\/2"}],"replies":[{"embeddable":true,"href":"https:\/\/www.saaswedo.com\/fr\/wp-json\/wp\/v2\/comments?post=16"}],"version-history":[{"count":2,"href":"https:\/\/www.saaswedo.com\/fr\/wp-json\/wp\/v2\/posts\/16\/revisions"}],"predecessor-version":[{"id":6907,"href":"https:\/\/www.saaswedo.com\/fr\/wp-json\/wp\/v2\/posts\/16\/revisions\/6907"}],"wp:featuredmedia":[{"embeddable":true,"href":"https:\/\/www.saaswedo.com\/fr\/wp-json\/wp\/v2\/media\/17"}],"wp:attachment":[{"href":"https:\/\/www.saaswedo.com\/fr\/wp-json\/wp\/v2\/media?parent=16"}],"wp:term":[{"taxonomy":"category","embeddable":true,"href":"https:\/\/www.saaswedo.com\/fr\/wp-json\/wp\/v2\/categories?post=16"},{"taxonomy":"post_tag","embeddable":true,"href":"https:\/\/www.saaswedo.com\/fr\/wp-json\/wp\/v2\/tags?post=16"}],"curies":[{"name":"wp","href":"https:\/\/api.w.org\/{rel}","templated":true}]}}