{"id":1754,"date":"2023-02-08T10:26:00","date_gmt":"2023-02-08T09:26:00","guid":{"rendered":"https:\/\/www.saaswedo.com\/?p=1754"},"modified":"2026-03-10T10:57:04","modified_gmt":"2026-03-10T09:57:04","slug":"fusion-saaswedo-taas-mobilityplus","status":"publish","type":"post","link":"https:\/\/www.saaswedo.com\/fr\/fusion-saaswedo-taas-mobilityplus\/","title":{"rendered":"Saaswedo, Taas et Mobility Plus fusionnent"},"content":{"rendered":"\n<p>R\u00e9unies sous la marque unique Saaswedo, les trois entreprises (Saaswedo, Taas et Mobility Plus) fusionnent pour former l\u2019acteur global de r\u00e9f\u00e9rence sur le march\u00e9 de la gestion du digital Workplace. \u00c0 travers cette annonce structurante, Saaswedo pose les bases de son nouveau plan de croissance sur les prochaines ann\u00e9es et se dote d\u2019une organisation agile qui lui permettra de se positionner comme un guichet unique pour mener \u00e0 bien les projets qui lui sont confi\u00e9s par ses clients.&nbsp;<\/p>\n\n\n\n<p>En effet, \u00e0 ce jour, Saaswedo est l\u2019un des seuls acteurs du march\u00e9 \u00e0 pouvoir r\u00e9unir toutes les expertises n\u00e9cessaires pour construire, piloter et g\u00e9rer un projet de Digital Workplace (notamment sur la partie t\u00e9l\u00e9phonie mobile). Ainsi, les clients du nouvel ensemble pourront acc\u00e9der \u00e0 des prestations de conseil, mais aussi \u00e0 des technologies de pointe utilis\u00e9es par un grand nombre d\u2019entreprises&nbsp;en France comme \u00e0 l\u2019international.<\/p>\n\n\n\n<h6 class=\"wp-block-heading\">Une organisation centralis\u00e9e permettant de pr\u00e9parer l\u2019avenir<\/h6>\n\n\n\n<p>Au niveau organisationnel, chaque marque devient d\u00e9sormais un business unit (conseil, logiciel, int\u00e9gration et infog\u00e9rance). Cette organisation sp\u00e9cifique contribuera \u00e0 favoriser le travail d\u2019\u00e9quipe et \u00e0 simplifier la mise en \u0153uvre des projets d\u00e9ploy\u00e9s. Les clients pourront ainsi acc\u00e9der \u00e0 une offre int\u00e9gr\u00e9e et industrielle.<\/p>\n\n\n\n<p>La fusion des entreprises r\u00e9pond \u00e9galement \u00e0 la n\u00e9cessit\u00e9 d\u2019acc\u00e9der \u00e0 une taille critique pour le groupe qui connait une tr\u00e8s forte croissance de ses activit\u00e9s sur le segment des ETI et des grands comptes. En ce sens, la r\u00e9union de moyens et d\u2019\u00e9quipes est un r\u00e9el atout et permet de cr\u00e9er une structure pure Player en capacit\u00e9 de rivaliser avec les plus grands acteurs du march\u00e9.&nbsp;<\/p>\n\n\n\n<h6 class=\"wp-block-heading\">Poser les bases d\u2019une nouvelle strat\u00e9gie de croissance\u00a0<\/h6>\n\n\n\n<p>Cette r\u00e9union d\u2019expertise marque aussi le d\u00e9part d\u2019une nouvelle phase de croissance externe pour le nouvel ensemble qui souhaite proc\u00e9der \u00e0 court terme \u00e0 diff\u00e9rents rachats pour accroitre ses parts de march\u00e9 et son empreinte r\u00e9gionale, notamment aux \u00c9tats-Unis qui est un march\u00e9 cible pour le groupe fran\u00e7ais.&nbsp;<\/p>\n\n\n\n<p>Enfin, cette organisation va pouvoir initier une nouvelle campagne de recrutement pour int\u00e9grer de nouveaux talents&nbsp;et d\u00e9passer \u00e0 court terme les 10 millions d\u2019euros de chiffre d\u2019affaires. Au niveau des \u00e9quipes, l\u2019ensemble des managers et des collaborateurs des trois soci\u00e9t\u00e9s sont conserv\u00e9s.<\/p>\n\n\n\n<p><strong>Christian COR, Saaswedo<\/strong>&nbsp;: \u00ab&nbsp;Nous sommes fiers d\u2019annoncer cette op\u00e9ration structurante qui positionne Saaswedo sur une nouvelle \u00e9chelle et nous permet de lancer notre nouveau plan de d\u00e9veloppement sur les prochaines ann\u00e9es.<br><br><strong>Gilles MEZARI, Taas &amp; Mobility Plus<\/strong>&nbsp;: \u00ab&nbsp;Nous allons b\u00e9n\u00e9ficier d\u2019un savoir-faire \u00e9prouv\u00e9 qui permet d\u2019offrir aux \u00e9quipes du nouvel ensemble, \u00e0 nos partenaires et \u00e0 nos clients des perspectives prometteuses. Saaswedo a vocation \u00e0 devenir l\u2019acteur de r\u00e9f\u00e9rence du march\u00e9 pour g\u00e9rer efficacement la digital Workplace.&nbsp;\u00bb<\/p>\n","protected":false},"excerpt":{"rendered":"<p>R\u00e9unies sous la marque unique Saaswedo, les trois entreprises (Saaswedo, Taas et Mobility Plus) fusionnent pour former l\u2019acteur global de r\u00e9f\u00e9rence sur le march\u00e9 de la gestion du digital Workplace. \u00c0 travers cette annonce structurante, Saaswedo pose les bases de son nouveau plan de croissance sur les prochaines ann\u00e9es et se dote d\u2019une organisation agile [&hellip;]<\/p>\n","protected":false},"author":2,"featured_media":2647,"comment_status":"closed","ping_status":"closed","sticky":false,"template":"","format":"standard","meta":{"inline_featured_image":false,"footnotes":""},"categories":[14],"tags":[],"class_list":["post-1754","post","type-post","status-publish","format-standard","has-post-thumbnail","hentry","category-actualites","grve-entry-item","grve-blog-item"],"yoast_head":"<!-- This site is optimized with the Yoast SEO plugin v27.2 - https:\/\/yoast.com\/product\/yoast-seo-wordpress\/ -->\n<title>Saaswedo, Taas et Mobility Plus fusionnent - Saaswedo - Performance durable de la Digital Workplace<\/title>\n<meta name=\"robots\" content=\"index, follow, max-snippet:-1, max-image-preview:large, max-video-preview:-1\" \/>\n<link rel=\"canonical\" href=\"https:\/\/www.saaswedo.com\/fr\/fusion-saaswedo-taas-mobilityplus\/\" \/>\n<meta property=\"og:locale\" content=\"fr_FR\" \/>\n<meta property=\"og:type\" content=\"article\" \/>\n<meta property=\"og:title\" content=\"Saaswedo, Taas et Mobility Plus fusionnent\" \/>\n<meta property=\"og:description\" content=\"R\u00e9unies sous la marque unique Saaswedo, les trois entreprises (Saaswedo, Taas et Mobility Plus) fusionnent pour former l\u2019acteur global de r\u00e9f\u00e9rence sur le ...\" \/>\n<meta property=\"og:url\" content=\"https:\/\/www.saaswedo.com\/fr\/fusion-saaswedo-taas-mobilityplus\/\" \/>\n<meta property=\"og:site_name\" content=\"SAASWEDO - Sustainable Digital Workplace performance\" \/>\n<meta property=\"article:published_time\" content=\"2023-02-08T09:26:00+00:00\" \/>\n<meta property=\"article:modified_time\" content=\"2026-03-10T09:57:04+00:00\" \/>\n<meta property=\"og:image\" content=\"https:\/\/www.saaswedo.com\/wp-content\/uploads\/2023\/02\/2-SAASWEDO-Taas-MplusFusionnent-1390x782-1.png\" \/>\n\t<meta property=\"og:image:width\" content=\"1390\" \/>\n\t<meta property=\"og:image:height\" content=\"782\" \/>\n\t<meta property=\"og:image:type\" content=\"image\/png\" \/>\n<meta name=\"author\" content=\"Charles Deplanque\" \/>\n<meta name=\"twitter:card\" content=\"summary_large_image\" \/>\n<meta name=\"twitter:title\" content=\"Saaswedo, Taas et Mobility Plus fusionnent\" \/>\n<meta name=\"twitter:description\" content=\"R\u00e9unies sous la marque unique Saaswedo, les trois entreprises (Saaswedo, Taas et Mobility Plus) fusionnent pour former l\u2019acteur global de r\u00e9f\u00e9rence sur le ...\" \/>\n<meta name=\"twitter:label1\" content=\"\u00c9crit par\" \/>\n\t<meta name=\"twitter:data1\" content=\"Charles Deplanque\" \/>\n\t<meta name=\"twitter:label2\" content=\"Dur\u00e9e de lecture estim\u00e9e\" \/>\n\t<meta name=\"twitter:data2\" content=\"3 minutes\" \/>\n<script type=\"application\/ld+json\" class=\"yoast-schema-graph\">{\"@context\":\"https:\/\/schema.org\",\"@graph\":[{\"@type\":\"Article\",\"@id\":\"https:\/\/www.saaswedo.com\/fr\/fusion-saaswedo-taas-mobilityplus\/#article\",\"isPartOf\":{\"@id\":\"https:\/\/www.saaswedo.com\/fr\/fusion-saaswedo-taas-mobilityplus\/\"},\"author\":{\"name\":\"Charles Deplanque\",\"@id\":\"https:\/\/www.saaswedo.com\/fr\/#\/schema\/person\/924c38c0af74529437151641611830a7\"},\"headline\":\"Saaswedo, Taas et Mobility Plus fusionnent\",\"datePublished\":\"2023-02-08T09:26:00+00:00\",\"dateModified\":\"2026-03-10T09:57:04+00:00\",\"mainEntityOfPage\":{\"@id\":\"https:\/\/www.saaswedo.com\/fr\/fusion-saaswedo-taas-mobilityplus\/\"},\"wordCount\":507,\"publisher\":{\"@id\":\"https:\/\/www.saaswedo.com\/fr\/#organization\"},\"image\":{\"@id\":\"https:\/\/www.saaswedo.com\/fr\/fusion-saaswedo-taas-mobilityplus\/#primaryimage\"},\"thumbnailUrl\":\"https:\/\/www.saaswedo.com\/wp-content\/uploads\/2023\/02\/2-SAASWEDO-Taas-MplusFusionnent-1390x782-1.png\",\"articleSection\":[\"Actualit\u00e9s\"],\"inLanguage\":\"fr-FR\"},{\"@type\":\"WebPage\",\"@id\":\"https:\/\/www.saaswedo.com\/fr\/fusion-saaswedo-taas-mobilityplus\/\",\"url\":\"https:\/\/www.saaswedo.com\/fr\/fusion-saaswedo-taas-mobilityplus\/\",\"name\":\"Saaswedo, Taas et Mobility Plus fusionnent - Saaswedo - Performance durable de la Digital Workplace\",\"isPartOf\":{\"@id\":\"https:\/\/www.saaswedo.com\/fr\/#website\"},\"primaryImageOfPage\":{\"@id\":\"https:\/\/www.saaswedo.com\/fr\/fusion-saaswedo-taas-mobilityplus\/#primaryimage\"},\"image\":{\"@id\":\"https:\/\/www.saaswedo.com\/fr\/fusion-saaswedo-taas-mobilityplus\/#primaryimage\"},\"thumbnailUrl\":\"https:\/\/www.saaswedo.com\/wp-content\/uploads\/2023\/02\/2-SAASWEDO-Taas-MplusFusionnent-1390x782-1.png\",\"datePublished\":\"2023-02-08T09:26:00+00:00\",\"dateModified\":\"2026-03-10T09:57:04+00:00\",\"breadcrumb\":{\"@id\":\"https:\/\/www.saaswedo.com\/fr\/fusion-saaswedo-taas-mobilityplus\/#breadcrumb\"},\"inLanguage\":\"fr-FR\",\"potentialAction\":[{\"@type\":\"ReadAction\",\"target\":[\"https:\/\/www.saaswedo.com\/fr\/fusion-saaswedo-taas-mobilityplus\/\"]}]},{\"@type\":\"ImageObject\",\"inLanguage\":\"fr-FR\",\"@id\":\"https:\/\/www.saaswedo.com\/fr\/fusion-saaswedo-taas-mobilityplus\/#primaryimage\",\"url\":\"https:\/\/www.saaswedo.com\/wp-content\/uploads\/2023\/02\/2-SAASWEDO-Taas-MplusFusionnent-1390x782-1.png\",\"contentUrl\":\"https:\/\/www.saaswedo.com\/wp-content\/uploads\/2023\/02\/2-SAASWEDO-Taas-MplusFusionnent-1390x782-1.png\",\"width\":1390,\"height\":782,\"caption\":\"homme tapant sur son clavier d'ordinateur\"},{\"@type\":\"BreadcrumbList\",\"@id\":\"https:\/\/www.saaswedo.com\/fr\/fusion-saaswedo-taas-mobilityplus\/#breadcrumb\",\"itemListElement\":[{\"@type\":\"ListItem\",\"position\":1,\"name\":\"Accueil\",\"item\":\"https:\/\/www.saaswedo.com\/fr\/\"},{\"@type\":\"ListItem\",\"position\":2,\"name\":\"Saaswedo, Taas et Mobility Plus fusionnent\"}]},{\"@type\":\"WebSite\",\"@id\":\"https:\/\/www.saaswedo.com\/fr\/#website\",\"url\":\"https:\/\/www.saaswedo.com\/fr\/\",\"name\":\"SAASWEDO - Sustainable Digital Workplace performance\",\"description\":\"Depuis plus de 15 ans, Saaswedo d\u00e9livre aux entreprises des offres qui permettent de maitriser leur politique IT et t\u00e9l\u00e9com, de simplifier la gestion de leurs actifs et d\u2019optimiser leurs co\u00fbts.\",\"publisher\":{\"@id\":\"https:\/\/www.saaswedo.com\/fr\/#organization\"},\"potentialAction\":[{\"@type\":\"SearchAction\",\"target\":{\"@type\":\"EntryPoint\",\"urlTemplate\":\"https:\/\/www.saaswedo.com\/fr\/?s={search_term_string}\"},\"query-input\":{\"@type\":\"PropertyValueSpecification\",\"valueRequired\":true,\"valueName\":\"search_term_string\"}}],\"inLanguage\":\"fr-FR\"},{\"@type\":\"Organization\",\"@id\":\"https:\/\/www.saaswedo.com\/fr\/#organization\",\"name\":\"SAASWEDO\",\"url\":\"https:\/\/www.saaswedo.com\/fr\/\",\"logo\":{\"@type\":\"ImageObject\",\"inLanguage\":\"fr-FR\",\"@id\":\"https:\/\/www.saaswedo.com\/fr\/#\/schema\/logo\/image\/\",\"url\":\"https:\/\/www.saaswedo.com\/wp-content\/uploads\/2022\/11\/cropped-saaswedo-profil_512-1.png\",\"contentUrl\":\"https:\/\/www.saaswedo.com\/wp-content\/uploads\/2022\/11\/cropped-saaswedo-profil_512-1.png\",\"width\":512,\"height\":512,\"caption\":\"SAASWEDO\"},\"image\":{\"@id\":\"https:\/\/www.saaswedo.com\/fr\/#\/schema\/logo\/image\/\"},\"sameAs\":[\"https:\/\/www.linkedin.com\/company\/saaswedo\/?originalSubdomain=fr\"]},{\"@type\":\"Person\",\"@id\":\"https:\/\/www.saaswedo.com\/fr\/#\/schema\/person\/924c38c0af74529437151641611830a7\",\"name\":\"Charles Deplanque\",\"image\":{\"@type\":\"ImageObject\",\"inLanguage\":\"fr-FR\",\"@id\":\"https:\/\/secure.gravatar.com\/avatar\/88a8a3468e6cbbb38e358a7032367c06610a88973f70044d432e6d49689f524d?s=96&d=mm&r=g\",\"url\":\"https:\/\/secure.gravatar.com\/avatar\/88a8a3468e6cbbb38e358a7032367c06610a88973f70044d432e6d49689f524d?s=96&d=mm&r=g\",\"contentUrl\":\"https:\/\/secure.gravatar.com\/avatar\/88a8a3468e6cbbb38e358a7032367c06610a88973f70044d432e6d49689f524d?s=96&d=mm&r=g\",\"caption\":\"Charles Deplanque\"}}]}<\/script>\n<!-- \/ Yoast SEO plugin. -->","yoast_head_json":{"title":"Saaswedo, Taas et Mobility Plus fusionnent - Saaswedo - Performance durable de la Digital Workplace","robots":{"index":"index","follow":"follow","max-snippet":"max-snippet:-1","max-image-preview":"max-image-preview:large","max-video-preview":"max-video-preview:-1"},"canonical":"https:\/\/www.saaswedo.com\/fr\/fusion-saaswedo-taas-mobilityplus\/","og_locale":"fr_FR","og_type":"article","og_title":"Saaswedo, Taas et Mobility Plus fusionnent","og_description":"R\u00e9unies sous la marque unique Saaswedo, les trois entreprises (Saaswedo, Taas et Mobility Plus) fusionnent pour former l\u2019acteur global de r\u00e9f\u00e9rence sur le ...","og_url":"https:\/\/www.saaswedo.com\/fr\/fusion-saaswedo-taas-mobilityplus\/","og_site_name":"SAASWEDO - Sustainable Digital Workplace performance","article_published_time":"2023-02-08T09:26:00+00:00","article_modified_time":"2026-03-10T09:57:04+00:00","og_image":[{"width":1390,"height":782,"url":"https:\/\/www.saaswedo.com\/wp-content\/uploads\/2023\/02\/2-SAASWEDO-Taas-MplusFusionnent-1390x782-1.png","type":"image\/png"}],"author":"Charles Deplanque","twitter_card":"summary_large_image","twitter_title":"Saaswedo, Taas et Mobility Plus fusionnent","twitter_description":"R\u00e9unies sous la marque unique Saaswedo, les trois entreprises (Saaswedo, Taas et Mobility Plus) fusionnent pour former l\u2019acteur global de r\u00e9f\u00e9rence sur le ...","twitter_misc":{"\u00c9crit par":"Charles Deplanque","Dur\u00e9e de lecture estim\u00e9e":"3 minutes"},"schema":{"@context":"https:\/\/schema.org","@graph":[{"@type":"Article","@id":"https:\/\/www.saaswedo.com\/fr\/fusion-saaswedo-taas-mobilityplus\/#article","isPartOf":{"@id":"https:\/\/www.saaswedo.com\/fr\/fusion-saaswedo-taas-mobilityplus\/"},"author":{"name":"Charles Deplanque","@id":"https:\/\/www.saaswedo.com\/fr\/#\/schema\/person\/924c38c0af74529437151641611830a7"},"headline":"Saaswedo, Taas et Mobility Plus fusionnent","datePublished":"2023-02-08T09:26:00+00:00","dateModified":"2026-03-10T09:57:04+00:00","mainEntityOfPage":{"@id":"https:\/\/www.saaswedo.com\/fr\/fusion-saaswedo-taas-mobilityplus\/"},"wordCount":507,"publisher":{"@id":"https:\/\/www.saaswedo.com\/fr\/#organization"},"image":{"@id":"https:\/\/www.saaswedo.com\/fr\/fusion-saaswedo-taas-mobilityplus\/#primaryimage"},"thumbnailUrl":"https:\/\/www.saaswedo.com\/wp-content\/uploads\/2023\/02\/2-SAASWEDO-Taas-MplusFusionnent-1390x782-1.png","articleSection":["Actualit\u00e9s"],"inLanguage":"fr-FR"},{"@type":"WebPage","@id":"https:\/\/www.saaswedo.com\/fr\/fusion-saaswedo-taas-mobilityplus\/","url":"https:\/\/www.saaswedo.com\/fr\/fusion-saaswedo-taas-mobilityplus\/","name":"Saaswedo, Taas et Mobility Plus fusionnent - Saaswedo - Performance durable de la Digital Workplace","isPartOf":{"@id":"https:\/\/www.saaswedo.com\/fr\/#website"},"primaryImageOfPage":{"@id":"https:\/\/www.saaswedo.com\/fr\/fusion-saaswedo-taas-mobilityplus\/#primaryimage"},"image":{"@id":"https:\/\/www.saaswedo.com\/fr\/fusion-saaswedo-taas-mobilityplus\/#primaryimage"},"thumbnailUrl":"https:\/\/www.saaswedo.com\/wp-content\/uploads\/2023\/02\/2-SAASWEDO-Taas-MplusFusionnent-1390x782-1.png","datePublished":"2023-02-08T09:26:00+00:00","dateModified":"2026-03-10T09:57:04+00:00","breadcrumb":{"@id":"https:\/\/www.saaswedo.com\/fr\/fusion-saaswedo-taas-mobilityplus\/#breadcrumb"},"inLanguage":"fr-FR","potentialAction":[{"@type":"ReadAction","target":["https:\/\/www.saaswedo.com\/fr\/fusion-saaswedo-taas-mobilityplus\/"]}]},{"@type":"ImageObject","inLanguage":"fr-FR","@id":"https:\/\/www.saaswedo.com\/fr\/fusion-saaswedo-taas-mobilityplus\/#primaryimage","url":"https:\/\/www.saaswedo.com\/wp-content\/uploads\/2023\/02\/2-SAASWEDO-Taas-MplusFusionnent-1390x782-1.png","contentUrl":"https:\/\/www.saaswedo.com\/wp-content\/uploads\/2023\/02\/2-SAASWEDO-Taas-MplusFusionnent-1390x782-1.png","width":1390,"height":782,"caption":"homme tapant sur son clavier d'ordinateur"},{"@type":"BreadcrumbList","@id":"https:\/\/www.saaswedo.com\/fr\/fusion-saaswedo-taas-mobilityplus\/#breadcrumb","itemListElement":[{"@type":"ListItem","position":1,"name":"Accueil","item":"https:\/\/www.saaswedo.com\/fr\/"},{"@type":"ListItem","position":2,"name":"Saaswedo, Taas et Mobility Plus fusionnent"}]},{"@type":"WebSite","@id":"https:\/\/www.saaswedo.com\/fr\/#website","url":"https:\/\/www.saaswedo.com\/fr\/","name":"SAASWEDO - Sustainable Digital Workplace performance","description":"Depuis plus de 15 ans, Saaswedo d\u00e9livre aux entreprises des offres qui permettent de maitriser leur politique IT et t\u00e9l\u00e9com, de simplifier la gestion de leurs actifs et d\u2019optimiser leurs co\u00fbts.","publisher":{"@id":"https:\/\/www.saaswedo.com\/fr\/#organization"},"potentialAction":[{"@type":"SearchAction","target":{"@type":"EntryPoint","urlTemplate":"https:\/\/www.saaswedo.com\/fr\/?s={search_term_string}"},"query-input":{"@type":"PropertyValueSpecification","valueRequired":true,"valueName":"search_term_string"}}],"inLanguage":"fr-FR"},{"@type":"Organization","@id":"https:\/\/www.saaswedo.com\/fr\/#organization","name":"SAASWEDO","url":"https:\/\/www.saaswedo.com\/fr\/","logo":{"@type":"ImageObject","inLanguage":"fr-FR","@id":"https:\/\/www.saaswedo.com\/fr\/#\/schema\/logo\/image\/","url":"https:\/\/www.saaswedo.com\/wp-content\/uploads\/2022\/11\/cropped-saaswedo-profil_512-1.png","contentUrl":"https:\/\/www.saaswedo.com\/wp-content\/uploads\/2022\/11\/cropped-saaswedo-profil_512-1.png","width":512,"height":512,"caption":"SAASWEDO"},"image":{"@id":"https:\/\/www.saaswedo.com\/fr\/#\/schema\/logo\/image\/"},"sameAs":["https:\/\/www.linkedin.com\/company\/saaswedo\/?originalSubdomain=fr"]},{"@type":"Person","@id":"https:\/\/www.saaswedo.com\/fr\/#\/schema\/person\/924c38c0af74529437151641611830a7","name":"Charles Deplanque","image":{"@type":"ImageObject","inLanguage":"fr-FR","@id":"https:\/\/secure.gravatar.com\/avatar\/88a8a3468e6cbbb38e358a7032367c06610a88973f70044d432e6d49689f524d?s=96&d=mm&r=g","url":"https:\/\/secure.gravatar.com\/avatar\/88a8a3468e6cbbb38e358a7032367c06610a88973f70044d432e6d49689f524d?s=96&d=mm&r=g","contentUrl":"https:\/\/secure.gravatar.com\/avatar\/88a8a3468e6cbbb38e358a7032367c06610a88973f70044d432e6d49689f524d?s=96&d=mm&r=g","caption":"Charles Deplanque"}}]}},"_links":{"self":[{"href":"https:\/\/www.saaswedo.com\/fr\/wp-json\/wp\/v2\/posts\/1754","targetHints":{"allow":["GET"]}}],"collection":[{"href":"https:\/\/www.saaswedo.com\/fr\/wp-json\/wp\/v2\/posts"}],"about":[{"href":"https:\/\/www.saaswedo.com\/fr\/wp-json\/wp\/v2\/types\/post"}],"author":[{"embeddable":true,"href":"https:\/\/www.saaswedo.com\/fr\/wp-json\/wp\/v2\/users\/2"}],"replies":[{"embeddable":true,"href":"https:\/\/www.saaswedo.com\/fr\/wp-json\/wp\/v2\/comments?post=1754"}],"version-history":[{"count":3,"href":"https:\/\/www.saaswedo.com\/fr\/wp-json\/wp\/v2\/posts\/1754\/revisions"}],"predecessor-version":[{"id":6842,"href":"https:\/\/www.saaswedo.com\/fr\/wp-json\/wp\/v2\/posts\/1754\/revisions\/6842"}],"wp:featuredmedia":[{"embeddable":true,"href":"https:\/\/www.saaswedo.com\/fr\/wp-json\/wp\/v2\/media\/2647"}],"wp:attachment":[{"href":"https:\/\/www.saaswedo.com\/fr\/wp-json\/wp\/v2\/media?parent=1754"}],"wp:term":[{"taxonomy":"category","embeddable":true,"href":"https:\/\/www.saaswedo.com\/fr\/wp-json\/wp\/v2\/categories?post=1754"},{"taxonomy":"post_tag","embeddable":true,"href":"https:\/\/www.saaswedo.com\/fr\/wp-json\/wp\/v2\/tags?post=1754"}],"curies":[{"name":"wp","href":"https:\/\/api.w.org\/{rel}","templated":true}]}}