{"id":2848,"date":"2023-10-02T09:51:13","date_gmt":"2023-10-02T07:51:13","guid":{"rendered":"https:\/\/www.saaswedo.com\/?p=2848"},"modified":"2026-03-10T10:51:22","modified_gmt":"2026-03-10T09:51:22","slug":"quel-impact-carbone-et-ecologique-pour-le-numerique-2","status":"publish","type":"post","link":"https:\/\/www.saaswedo.com\/fr\/quel-impact-carbone-et-ecologique-pour-le-numerique-2\/","title":{"rendered":"Voici, en 6 points, des gestes simples du quotidien qui peuvent contribuer positivement \u00e0 la r\u00e9duction de l\u2019empreinte carbone du num\u00e9rique :"},"content":{"rendered":"\n<p>En France, on compte en moyenne 8 \u00e9quipements par utilisateurs.<\/p>\n\n\n\n<h6 class=\"wp-block-heading\">1. D\u00e8s lors, le premier geste \u00e0 avoir est de s\u2019\u00e9quiper responsable en :<\/h6>\n\n\n\n<ul class=\"wp-block-list\">\n<li>Allongeant la dur\u00e9e de vie des \u00e9quipements.<\/li>\n<\/ul>\n\n\n\n<p>Selon l\u2019<a href=\"https:\/\/www.lemondedelenergie.com\/tag\/ademe\/\">ADEME<\/a>, passer de 2 \u00e0 4 ans d\u2019usage pour un ordinateur am\u00e9liore de 50% son bilan environnemental. Pour garder son \u00e9quipement en bon \u00e9tat et fonctionnel, il est important d\u2019installer des antivirus et de r\u00e9aliser les mises \u00e0 jour r\u00e9guli\u00e8res Il est \u00e9galement recommand\u00e9 de nettoyer les appareils et de prot\u00e9ger les \u00e9quipements des chocs et des dommages \u00e9ventuels.<\/p>\n\n\n\n<ul class=\"wp-block-list\">\n<li>S\u2019assurant que l\u2019achat ne soit pas syst\u00e9matique.<\/li>\n<\/ul>\n\n\n\n<p>En effet, la fabrication d\u2019un \u00e9quipement neuf mobilise en moyenne 50 \u00e0 350 fois leur poids en mati\u00e8res premi\u00e8res. Le plus important reste d\u2019\u00e9viter de remplacer les \u00e9quipements num\u00e9riques inutilement et de privil\u00e9gier la r\u00e9paration au remplacement en cas de panne.<\/p>\n\n\n\n<p>Dans plus de 50% des cas, les \u00e9quipements en fin de vie auraient pu \u00eatre r\u00e9par\u00e9s. Il est tentant de succomber aux offres promotionnelles et aux publicit\u00e9s mais il est important de toujours s\u2019assurer du besoin avant de passer \u00e0 l\u2019acte d\u2019achat.<\/p>\n\n\n\n<ul class=\"wp-block-list\">\n<li>En identifiant ses besoins et achetant responsable.<\/li>\n<\/ul>\n\n\n\n<p>Cependant, si le remplacement de l\u2019\u00e9quipement est indispensable, il est toujours possible d\u2019identifier ses besoins et d\u2019acheter responsable. Le mieux est d\u2019opter pour un produit \u00e9co-responsable. Pour ce faire, il est recommand\u00e9 de regarder attentivement : les conditions de fabrication, mat\u00e9riaux, impact environnemental de la fabrication, recyclable, etc.<\/p>\n\n\n\n<p>Les mat\u00e9riaux utilis\u00e9s dans la fabrication des \u00e9quipements num\u00e9riques sont souvent en quantit\u00e9 minuscule et leur extraction co\u00fbte \u00e9norm\u00e9ment d\u2019\u00e9nergie et de ressources pour un rendement d\u00e9sastreux. Leur production p\u00e8se lourd sur l\u2019environnement. Tout cela \u00e0 un co\u00fbt \u00e9cologique. La destruction des \u00e9cosyst\u00e8mes, l\u2019utilisation outranci\u00e8re de ressources naturelles, la pollution des eaux, des sols et de l\u2019air ou encore la d\u00e9forestation en sont autant d\u2019exemples\u2026<\/p>\n\n\n\n<p>Par ailleurs, il est pr\u00e9f\u00e9rable de privil\u00e9gier un produit labellis\u00e9 : TCO, Num\u00e9rique responsable, Energy Star, EPEAT\u2026 et\/ ou poss\u00e9dant un bon score de r\u00e9parabilit\u00e9. Enfin, il est \u00e9galement possible d\u2019acheter d\u2019occasion ou des produits reconditionn\u00e9s.<\/p>\n\n\n\n<h6 class=\"wp-block-heading\">2. Le deuxi\u00e8me geste \u00e0 avoir est celui de trier.<\/h6>\n\n\n\n<p>Le flux des d\u00e9chets d\u2019\u00e9quipements \u00e9lectriques et \u00e9lectroniques augmente de 2% par an en Europe, avoir le r\u00e9flexe de trier les d\u00e9chets s\u2019av\u00e8re capital. En effet, 88% des Fran\u00e7ais changent de t\u00e9l\u00e9phone portable alors que l\u2019ancien fonctionne toujours.<\/p>\n\n\n\n<p>Ainsi, entre 50 et 100 millions de t\u00e9l\u00e9phones dorment dans des tiroirs. Il est possible de revendre les appareils qui ne servent plus (le bon coin, largusmobile.com, rachatdemobile, recycler.fr\u2026) ou de les donner \u00e0 des ressourceries ou des organismes solidaires : r\u00e9seaux solidaires, ateliers du bocage, r\u00e9seau Envie, Emmaus, troCantons\u2026<\/p>\n\n\n\n<p>Il est \u00e9galement possible de rapporter les anciens \u00e9quipements chez un fabricant ou revendeur pour les appareils de moins de 25 cm ou dans un point de collecte pour ceux de plus 25 cm. Les d\u00e9chets doivent \u00eatre amen\u00e9s \u00e0 la d\u00e9chetterie.<\/p>\n\n\n\n<h6 class=\"wp-block-heading\">3. Le troisi\u00e8me geste consiste \u00e0 limiter la consommation \u00e9nerg\u00e9tique des appareils \u00e9lectriques en :<\/h6>\n\n\n\n<ul class=\"wp-block-list\">\n<li>\u00c9teignant les appareils lorsqu\u2019ils ne servent pas ou bien les mettre en veille.<\/li>\n\n\n\n<li>\u00c9teignant sa box internet la nuit ou pendant la journ\u00e9e lors de vos absences.<\/li>\n\n\n\n<li>Activant le mode \u00e9conomie d\u2019\u00e9nergie sur ses appareils aussi souvent que cela est possible, et en passant en mode avion lorsque l\u2019appareil ne sert pas mais reste allum\u00e9.<\/li>\n\n\n\n<li>D\u00e9sactivant les fonctions Wifi, Bluetooth, GPS et la data lors de la non-utilisation de ces derniers.<\/li>\n\n\n\n<li>Baissant la luminosit\u00e9 de l\u2019\u00e9cran par d\u00e9faut.<\/li>\n\n\n\n<li>Optant pour la bonne connexion : sur PC c\u00e2ble Ethernet en priorit\u00e9 puis wifi. Sur tablette ou smartphone, wifi plut\u00f4t que 4G.<\/li>\n\n\n\n<li>Prot\u00e9geant les appareils des variations extr\u00eames de temp\u00e9rature.<\/li>\n\n\n\n<li>Fermant les applications une fois utilis\u00e9es.<\/li>\n<\/ul>\n\n\n\n<h6 class=\"wp-block-heading\">4. Choisir d\u2019utiliser Internet sobrement.<\/h6>\n\n\n\n<p>Lors de la navigation, cela est rendu possible en&nbsp;:<\/p>\n\n\n\n<ul class=\"wp-block-list\">\n<li>Limitant le nombre de programmes ou d\u2019onglets ouverts inutilis\u00e9s.<\/li>\n\n\n\n<li>Choisissant son navigateur : Edge et Firefox se valent en termes de consommation d\u2019\u00e9nergie mais Chrome est plus gourmand.<\/li>\n\n\n\n<li>Mesurant en temps r\u00e9el sa consommation gr\u00e2ce l\u2019extension&nbsp;Carbonalyser&nbsp;cr\u00e9\u00e9e par The Shift&nbsp;project.<\/li>\n\n\n\n<li>Installant un anti-pub. Les pubs sont consommatrices d\u2019\u00e9nergie et de bande passante, en plus d\u2019alimenter une logique consum\u00e9riste.<\/li>\n<\/ul>\n\n\n\n<p>Lors de la recherche sur Internet, cela est rendu possible en :<\/p>\n\n\n\n<ul class=\"wp-block-list\">\n<li>Utilisant plus de mots cl\u00e9s pour diminuer le nombre de r\u00e9sultats et de pages consult\u00e9es.<\/li>\n\n\n\n<li>Se rendant directement sur les sites connus plut\u00f4t que de chercher les URL sur les moteurs de recherche.<\/li>\n\n\n\n<li>Mettant en favoris les sites les plus visit\u00e9s.<\/li>\n\n\n\n<li>Utilisant un moteur de recherche \u00e9coresponsable (exemple : Lilo, Ecosia).<\/li>\n\n\n\n<li>\u00c9vitant de stocker inutilement des donn\u00e9es&nbsp;: nettoyer r\u00e9guli\u00e8rement le cache, les cookies, l\u2019historique, les t\u00e9l\u00e9chargements\u2026<\/li>\n<\/ul>\n\n\n\n<p>Lors du streaming, cela est rendu possible en&nbsp;:<\/p>\n\n\n\n<ul class=\"wp-block-list\">\n<li>Emp\u00eachant la lecture automatique des vid\u00e9os.<\/li>\n\n\n\n<li>Baissant la r\u00e9solution des vid\u00e9os.<\/li>\n\n\n\n<li>Favorisant le t\u00e9l\u00e9chargement au streaming.<\/li>\n\n\n\n<li>\u00c9coutant la musique en audio plut\u00f4t qu\u2019en vid\u00e9o.<\/li>\n<\/ul>\n\n\n\n<h6 class=\"wp-block-heading\">5. Lors de l\u2019utilisation de solutions en cloud : production de contenu et le stockage de donn\u00e9es en :<\/h6>\n\n\n\n<ul class=\"wp-block-list\">\n<li>Stockant que le strict n\u00e9cessaire sur le cloud.<\/li>\n\n\n\n<li>Nettoyant r\u00e9guli\u00e8rement votre drive.<\/li>\n\n\n\n<li>Choisissant un h\u00e9bergeur \u2018vert\u2019 comme : Infomaniak, GreenGeeks, Kulo, Eco web hosting\u2026<\/li>\n\n\n\n<li>Supprimant les comptes inutiles.<\/li>\n\n\n\n<li>Prot\u00e9geant vos donn\u00e9es en emp\u00eachant au maximum les sites de collecter vos informations donn\u00e9es.<\/li>\n<\/ul>\n\n\n\n<h6 class=\"wp-block-heading\"><strong>6. Lors de l\u2019utilisation des mails en\u00a0:<\/strong><\/h6>\n\n\n\n<ul class=\"wp-block-list\">\n<li>Limitant l\u2019envoi de mails.<\/li>\n\n\n\n<li>Transf\u00e9rant les fichiers lourds via une plateforme de partage comme WeTransfer.<\/li>\n\n\n\n<li>Limitant le nombre de destinataires.<\/li>\n\n\n\n<li>En all\u00e9geant le contenu, optez plut\u00f4t pour le format texte.<\/li>\n\n\n\n<li>Supprimant tous les mails inutiles.<\/li>\n\n\n\n<li>Se d\u00e9sabonnant des newsletters superflues.<\/li>\n<\/ul>\n\n\n\n<p>On consid\u00e8re que le taux d\u2019\u00e9mission de GES li\u00e9 au num\u00e9rique est \u00e9quivalent au secteur a\u00e9rien en 2023 et pourrait atteindre le taux des \u00e9missions li\u00e9es au parc&nbsp;<a href=\"https:\/\/www.lemondedelenergie.com\/tag\/automobile\/\">automobile<\/a>&nbsp;mondial en 2025.<\/p>\n\n\n\n<p>Mettre en place une politique environnementale vertueuse encadrant la r\u00e9duction de l\u2019empreinte du num\u00e9rique devient de plus en urgent. \u00c0 noter que cette r\u00e9duction ne s\u2019inscrit pas que dans une spirale de d\u00e9croissance. Elle induit aussi des gains \u00e9conomiques, en passant de l\u2019usage unique, import\u00e9 de pays tiers et qui p\u00e8se sur notre balance commerciale, \u00e0 un mod\u00e8le circulaire et beaucoup plus durable, qui propose des \u00e9quipements reconditionn\u00e9s et des solutions de r\u00e9paration. Les politiques publiques doivent continuer \u00e0 encourager fortement la cr\u00e9ation durable de ces emplois.<\/p>\n\n\n\n<p>Une tribune sign\u00e9e Raja TRABELSI \u2013 Docteur en impact carbone et environnement \u2013 SAASWEDO<\/p>\n","protected":false},"excerpt":{"rendered":"<p>En France, on compte en moyenne 8 \u00e9quipements par utilisateurs. 1. D\u00e8s lors, le premier geste \u00e0 avoir est de s\u2019\u00e9quiper responsable en : Selon l\u2019ADEME, passer de 2 \u00e0 4 ans d\u2019usage pour un ordinateur am\u00e9liore de 50% son bilan environnemental. Pour garder son \u00e9quipement en bon \u00e9tat et fonctionnel, il est important d\u2019installer [&hellip;]<\/p>\n","protected":false},"author":2,"featured_media":2850,"comment_status":"closed","ping_status":"closed","sticky":false,"template":"","format":"standard","meta":{"inline_featured_image":false,"footnotes":""},"categories":[14],"tags":[],"class_list":["post-2848","post","type-post","status-publish","format-standard","has-post-thumbnail","hentry","category-actualites","grve-entry-item","grve-blog-item"],"yoast_head":"<!-- This site is optimized with the Yoast SEO plugin v27.2 - https:\/\/yoast.com\/product\/yoast-seo-wordpress\/ -->\n<title>Voici, en 6 points, des gestes simples du quotidien qui peuvent contribuer positivement \u00e0 la r\u00e9duction de l\u2019empreinte carbone du num\u00e9rique : - SAASWEDO - Sustainable Digital Workplace performance<\/title>\n<meta name=\"robots\" content=\"index, follow, max-snippet:-1, max-image-preview:large, max-video-preview:-1\" \/>\n<link rel=\"canonical\" href=\"https:\/\/www.saaswedo.com\/fr\/quel-impact-carbone-et-ecologique-pour-le-numerique-2\/\" \/>\n<meta property=\"og:locale\" content=\"fr_FR\" \/>\n<meta property=\"og:type\" content=\"article\" \/>\n<meta property=\"og:title\" content=\"Voici, en 6 points, des gestes simples du quotidien qui peuvent contribuer positivement \u00e0 la r\u00e9duction de l\u2019empreinte carbone du num\u00e9rique : - SAASWEDO - Sustainable Digital Workplace performance\" \/>\n<meta property=\"og:description\" content=\"En France, on compte en moyenne 8 \u00e9quipements par utilisateurs. 1. D\u00e8s lors, le premier geste \u00e0 avoir est de s\u2019\u00e9quiper responsable en : Selon l\u2019ADEME, passer de 2 \u00e0 4 ans d\u2019usage pour un ordinateur am\u00e9liore de 50% son bilan environnemental. Pour garder son \u00e9quipement en bon \u00e9tat et fonctionnel, il est important d\u2019installer [&hellip;]\" \/>\n<meta property=\"og:url\" content=\"https:\/\/www.saaswedo.com\/fr\/quel-impact-carbone-et-ecologique-pour-le-numerique-2\/\" \/>\n<meta property=\"og:site_name\" content=\"SAASWEDO - Sustainable Digital Workplace performance\" \/>\n<meta property=\"article:published_time\" content=\"2023-10-02T07:51:13+00:00\" \/>\n<meta property=\"article:modified_time\" content=\"2026-03-10T09:51:22+00:00\" \/>\n<meta property=\"og:image\" content=\"https:\/\/www.saaswedo.com\/wp-content\/uploads\/2023\/10\/ImpactCarbonNUM-scaled.webp\" \/>\n\t<meta property=\"og:image:width\" content=\"2560\" \/>\n\t<meta property=\"og:image:height\" content=\"1419\" \/>\n\t<meta property=\"og:image:type\" content=\"image\/webp\" \/>\n<meta name=\"author\" content=\"Charles Deplanque\" \/>\n<meta name=\"twitter:card\" content=\"summary_large_image\" \/>\n<meta name=\"twitter:label1\" content=\"\u00c9crit par\" \/>\n\t<meta name=\"twitter:data1\" content=\"Charles Deplanque\" \/>\n\t<meta name=\"twitter:label2\" content=\"Dur\u00e9e de lecture estim\u00e9e\" \/>\n\t<meta name=\"twitter:data2\" content=\"5 minutes\" \/>\n<script type=\"application\/ld+json\" class=\"yoast-schema-graph\">{\"@context\":\"https:\/\/schema.org\",\"@graph\":[{\"@type\":\"Article\",\"@id\":\"https:\/\/www.saaswedo.com\/fr\/quel-impact-carbone-et-ecologique-pour-le-numerique-2\/#article\",\"isPartOf\":{\"@id\":\"https:\/\/www.saaswedo.com\/fr\/quel-impact-carbone-et-ecologique-pour-le-numerique-2\/\"},\"author\":{\"name\":\"Charles Deplanque\",\"@id\":\"https:\/\/www.saaswedo.com\/fr\/#\/schema\/person\/924c38c0af74529437151641611830a7\"},\"headline\":\"Voici, en 6 points, des gestes simples du quotidien qui peuvent contribuer positivement \u00e0 la r\u00e9duction de l\u2019empreinte carbone du num\u00e9rique :\",\"datePublished\":\"2023-10-02T07:51:13+00:00\",\"dateModified\":\"2026-03-10T09:51:22+00:00\",\"mainEntityOfPage\":{\"@id\":\"https:\/\/www.saaswedo.com\/fr\/quel-impact-carbone-et-ecologique-pour-le-numerique-2\/\"},\"wordCount\":1170,\"publisher\":{\"@id\":\"https:\/\/www.saaswedo.com\/fr\/#organization\"},\"image\":{\"@id\":\"https:\/\/www.saaswedo.com\/fr\/quel-impact-carbone-et-ecologique-pour-le-numerique-2\/#primaryimage\"},\"thumbnailUrl\":\"https:\/\/www.saaswedo.com\/wp-content\/uploads\/2023\/10\/ImpactCarbonNUM-scaled.webp\",\"articleSection\":[\"Actualit\u00e9s\"],\"inLanguage\":\"fr-FR\"},{\"@type\":\"WebPage\",\"@id\":\"https:\/\/www.saaswedo.com\/fr\/quel-impact-carbone-et-ecologique-pour-le-numerique-2\/\",\"url\":\"https:\/\/www.saaswedo.com\/fr\/quel-impact-carbone-et-ecologique-pour-le-numerique-2\/\",\"name\":\"Voici, en 6 points, des gestes simples du quotidien qui peuvent contribuer positivement \u00e0 la r\u00e9duction de l\u2019empreinte carbone du num\u00e9rique : - SAASWEDO - Sustainable Digital Workplace performance\",\"isPartOf\":{\"@id\":\"https:\/\/www.saaswedo.com\/fr\/#website\"},\"primaryImageOfPage\":{\"@id\":\"https:\/\/www.saaswedo.com\/fr\/quel-impact-carbone-et-ecologique-pour-le-numerique-2\/#primaryimage\"},\"image\":{\"@id\":\"https:\/\/www.saaswedo.com\/fr\/quel-impact-carbone-et-ecologique-pour-le-numerique-2\/#primaryimage\"},\"thumbnailUrl\":\"https:\/\/www.saaswedo.com\/wp-content\/uploads\/2023\/10\/ImpactCarbonNUM-scaled.webp\",\"datePublished\":\"2023-10-02T07:51:13+00:00\",\"dateModified\":\"2026-03-10T09:51:22+00:00\",\"breadcrumb\":{\"@id\":\"https:\/\/www.saaswedo.com\/fr\/quel-impact-carbone-et-ecologique-pour-le-numerique-2\/#breadcrumb\"},\"inLanguage\":\"fr-FR\",\"potentialAction\":[{\"@type\":\"ReadAction\",\"target\":[\"https:\/\/www.saaswedo.com\/fr\/quel-impact-carbone-et-ecologique-pour-le-numerique-2\/\"]}]},{\"@type\":\"ImageObject\",\"inLanguage\":\"fr-FR\",\"@id\":\"https:\/\/www.saaswedo.com\/fr\/quel-impact-carbone-et-ecologique-pour-le-numerique-2\/#primaryimage\",\"url\":\"https:\/\/www.saaswedo.com\/wp-content\/uploads\/2023\/10\/ImpactCarbonNUM-scaled.webp\",\"contentUrl\":\"https:\/\/www.saaswedo.com\/wp-content\/uploads\/2023\/10\/ImpactCarbonNUM-scaled.webp\",\"width\":2560,\"height\":1419},{\"@type\":\"BreadcrumbList\",\"@id\":\"https:\/\/www.saaswedo.com\/fr\/quel-impact-carbone-et-ecologique-pour-le-numerique-2\/#breadcrumb\",\"itemListElement\":[{\"@type\":\"ListItem\",\"position\":1,\"name\":\"Accueil\",\"item\":\"https:\/\/www.saaswedo.com\/fr\/\"},{\"@type\":\"ListItem\",\"position\":2,\"name\":\"Voici, en 6 points, des gestes simples du quotidien qui peuvent contribuer positivement \u00e0 la r\u00e9duction de l\u2019empreinte carbone du num\u00e9rique :\"}]},{\"@type\":\"WebSite\",\"@id\":\"https:\/\/www.saaswedo.com\/fr\/#website\",\"url\":\"https:\/\/www.saaswedo.com\/fr\/\",\"name\":\"SAASWEDO - Sustainable Digital Workplace performance\",\"description\":\"Depuis plus de 15 ans, Saaswedo d\u00e9livre aux entreprises des offres qui permettent de maitriser leur politique IT et t\u00e9l\u00e9com, de simplifier la gestion de leurs actifs et d\u2019optimiser leurs co\u00fbts.\",\"publisher\":{\"@id\":\"https:\/\/www.saaswedo.com\/fr\/#organization\"},\"potentialAction\":[{\"@type\":\"SearchAction\",\"target\":{\"@type\":\"EntryPoint\",\"urlTemplate\":\"https:\/\/www.saaswedo.com\/fr\/?s={search_term_string}\"},\"query-input\":{\"@type\":\"PropertyValueSpecification\",\"valueRequired\":true,\"valueName\":\"search_term_string\"}}],\"inLanguage\":\"fr-FR\"},{\"@type\":\"Organization\",\"@id\":\"https:\/\/www.saaswedo.com\/fr\/#organization\",\"name\":\"SAASWEDO\",\"url\":\"https:\/\/www.saaswedo.com\/fr\/\",\"logo\":{\"@type\":\"ImageObject\",\"inLanguage\":\"fr-FR\",\"@id\":\"https:\/\/www.saaswedo.com\/fr\/#\/schema\/logo\/image\/\",\"url\":\"https:\/\/www.saaswedo.com\/wp-content\/uploads\/2022\/11\/cropped-saaswedo-profil_512-1.png\",\"contentUrl\":\"https:\/\/www.saaswedo.com\/wp-content\/uploads\/2022\/11\/cropped-saaswedo-profil_512-1.png\",\"width\":512,\"height\":512,\"caption\":\"SAASWEDO\"},\"image\":{\"@id\":\"https:\/\/www.saaswedo.com\/fr\/#\/schema\/logo\/image\/\"},\"sameAs\":[\"https:\/\/www.linkedin.com\/company\/saaswedo\/?originalSubdomain=fr\"]},{\"@type\":\"Person\",\"@id\":\"https:\/\/www.saaswedo.com\/fr\/#\/schema\/person\/924c38c0af74529437151641611830a7\",\"name\":\"Charles Deplanque\",\"image\":{\"@type\":\"ImageObject\",\"inLanguage\":\"fr-FR\",\"@id\":\"https:\/\/secure.gravatar.com\/avatar\/88a8a3468e6cbbb38e358a7032367c06610a88973f70044d432e6d49689f524d?s=96&d=mm&r=g\",\"url\":\"https:\/\/secure.gravatar.com\/avatar\/88a8a3468e6cbbb38e358a7032367c06610a88973f70044d432e6d49689f524d?s=96&d=mm&r=g\",\"contentUrl\":\"https:\/\/secure.gravatar.com\/avatar\/88a8a3468e6cbbb38e358a7032367c06610a88973f70044d432e6d49689f524d?s=96&d=mm&r=g\",\"caption\":\"Charles Deplanque\"}}]}<\/script>\n<!-- \/ Yoast SEO plugin. -->","yoast_head_json":{"title":"Voici, en 6 points, des gestes simples du quotidien qui peuvent contribuer positivement \u00e0 la r\u00e9duction de l\u2019empreinte carbone du num\u00e9rique : - SAASWEDO - Sustainable Digital Workplace performance","robots":{"index":"index","follow":"follow","max-snippet":"max-snippet:-1","max-image-preview":"max-image-preview:large","max-video-preview":"max-video-preview:-1"},"canonical":"https:\/\/www.saaswedo.com\/fr\/quel-impact-carbone-et-ecologique-pour-le-numerique-2\/","og_locale":"fr_FR","og_type":"article","og_title":"Voici, en 6 points, des gestes simples du quotidien qui peuvent contribuer positivement \u00e0 la r\u00e9duction de l\u2019empreinte carbone du num\u00e9rique : - SAASWEDO - Sustainable Digital Workplace performance","og_description":"En France, on compte en moyenne 8 \u00e9quipements par utilisateurs. 1. D\u00e8s lors, le premier geste \u00e0 avoir est de s\u2019\u00e9quiper responsable en : Selon l\u2019ADEME, passer de 2 \u00e0 4 ans d\u2019usage pour un ordinateur am\u00e9liore de 50% son bilan environnemental. Pour garder son \u00e9quipement en bon \u00e9tat et fonctionnel, il est important d\u2019installer [&hellip;]","og_url":"https:\/\/www.saaswedo.com\/fr\/quel-impact-carbone-et-ecologique-pour-le-numerique-2\/","og_site_name":"SAASWEDO - Sustainable Digital Workplace performance","article_published_time":"2023-10-02T07:51:13+00:00","article_modified_time":"2026-03-10T09:51:22+00:00","og_image":[{"width":2560,"height":1419,"url":"https:\/\/www.saaswedo.com\/wp-content\/uploads\/2023\/10\/ImpactCarbonNUM-scaled.webp","type":"image\/webp"}],"author":"Charles Deplanque","twitter_card":"summary_large_image","twitter_misc":{"\u00c9crit par":"Charles Deplanque","Dur\u00e9e de lecture estim\u00e9e":"5 minutes"},"schema":{"@context":"https:\/\/schema.org","@graph":[{"@type":"Article","@id":"https:\/\/www.saaswedo.com\/fr\/quel-impact-carbone-et-ecologique-pour-le-numerique-2\/#article","isPartOf":{"@id":"https:\/\/www.saaswedo.com\/fr\/quel-impact-carbone-et-ecologique-pour-le-numerique-2\/"},"author":{"name":"Charles Deplanque","@id":"https:\/\/www.saaswedo.com\/fr\/#\/schema\/person\/924c38c0af74529437151641611830a7"},"headline":"Voici, en 6 points, des gestes simples du quotidien qui peuvent contribuer positivement \u00e0 la r\u00e9duction de l\u2019empreinte carbone du num\u00e9rique :","datePublished":"2023-10-02T07:51:13+00:00","dateModified":"2026-03-10T09:51:22+00:00","mainEntityOfPage":{"@id":"https:\/\/www.saaswedo.com\/fr\/quel-impact-carbone-et-ecologique-pour-le-numerique-2\/"},"wordCount":1170,"publisher":{"@id":"https:\/\/www.saaswedo.com\/fr\/#organization"},"image":{"@id":"https:\/\/www.saaswedo.com\/fr\/quel-impact-carbone-et-ecologique-pour-le-numerique-2\/#primaryimage"},"thumbnailUrl":"https:\/\/www.saaswedo.com\/wp-content\/uploads\/2023\/10\/ImpactCarbonNUM-scaled.webp","articleSection":["Actualit\u00e9s"],"inLanguage":"fr-FR"},{"@type":"WebPage","@id":"https:\/\/www.saaswedo.com\/fr\/quel-impact-carbone-et-ecologique-pour-le-numerique-2\/","url":"https:\/\/www.saaswedo.com\/fr\/quel-impact-carbone-et-ecologique-pour-le-numerique-2\/","name":"Voici, en 6 points, des gestes simples du quotidien qui peuvent contribuer positivement \u00e0 la r\u00e9duction de l\u2019empreinte carbone du num\u00e9rique : - SAASWEDO - Sustainable Digital Workplace performance","isPartOf":{"@id":"https:\/\/www.saaswedo.com\/fr\/#website"},"primaryImageOfPage":{"@id":"https:\/\/www.saaswedo.com\/fr\/quel-impact-carbone-et-ecologique-pour-le-numerique-2\/#primaryimage"},"image":{"@id":"https:\/\/www.saaswedo.com\/fr\/quel-impact-carbone-et-ecologique-pour-le-numerique-2\/#primaryimage"},"thumbnailUrl":"https:\/\/www.saaswedo.com\/wp-content\/uploads\/2023\/10\/ImpactCarbonNUM-scaled.webp","datePublished":"2023-10-02T07:51:13+00:00","dateModified":"2026-03-10T09:51:22+00:00","breadcrumb":{"@id":"https:\/\/www.saaswedo.com\/fr\/quel-impact-carbone-et-ecologique-pour-le-numerique-2\/#breadcrumb"},"inLanguage":"fr-FR","potentialAction":[{"@type":"ReadAction","target":["https:\/\/www.saaswedo.com\/fr\/quel-impact-carbone-et-ecologique-pour-le-numerique-2\/"]}]},{"@type":"ImageObject","inLanguage":"fr-FR","@id":"https:\/\/www.saaswedo.com\/fr\/quel-impact-carbone-et-ecologique-pour-le-numerique-2\/#primaryimage","url":"https:\/\/www.saaswedo.com\/wp-content\/uploads\/2023\/10\/ImpactCarbonNUM-scaled.webp","contentUrl":"https:\/\/www.saaswedo.com\/wp-content\/uploads\/2023\/10\/ImpactCarbonNUM-scaled.webp","width":2560,"height":1419},{"@type":"BreadcrumbList","@id":"https:\/\/www.saaswedo.com\/fr\/quel-impact-carbone-et-ecologique-pour-le-numerique-2\/#breadcrumb","itemListElement":[{"@type":"ListItem","position":1,"name":"Accueil","item":"https:\/\/www.saaswedo.com\/fr\/"},{"@type":"ListItem","position":2,"name":"Voici, en 6 points, des gestes simples du quotidien qui peuvent contribuer positivement \u00e0 la r\u00e9duction de l\u2019empreinte carbone du num\u00e9rique :"}]},{"@type":"WebSite","@id":"https:\/\/www.saaswedo.com\/fr\/#website","url":"https:\/\/www.saaswedo.com\/fr\/","name":"SAASWEDO - Sustainable Digital Workplace performance","description":"Depuis plus de 15 ans, Saaswedo d\u00e9livre aux entreprises des offres qui permettent de maitriser leur politique IT et t\u00e9l\u00e9com, de simplifier la gestion de leurs actifs et d\u2019optimiser leurs co\u00fbts.","publisher":{"@id":"https:\/\/www.saaswedo.com\/fr\/#organization"},"potentialAction":[{"@type":"SearchAction","target":{"@type":"EntryPoint","urlTemplate":"https:\/\/www.saaswedo.com\/fr\/?s={search_term_string}"},"query-input":{"@type":"PropertyValueSpecification","valueRequired":true,"valueName":"search_term_string"}}],"inLanguage":"fr-FR"},{"@type":"Organization","@id":"https:\/\/www.saaswedo.com\/fr\/#organization","name":"SAASWEDO","url":"https:\/\/www.saaswedo.com\/fr\/","logo":{"@type":"ImageObject","inLanguage":"fr-FR","@id":"https:\/\/www.saaswedo.com\/fr\/#\/schema\/logo\/image\/","url":"https:\/\/www.saaswedo.com\/wp-content\/uploads\/2022\/11\/cropped-saaswedo-profil_512-1.png","contentUrl":"https:\/\/www.saaswedo.com\/wp-content\/uploads\/2022\/11\/cropped-saaswedo-profil_512-1.png","width":512,"height":512,"caption":"SAASWEDO"},"image":{"@id":"https:\/\/www.saaswedo.com\/fr\/#\/schema\/logo\/image\/"},"sameAs":["https:\/\/www.linkedin.com\/company\/saaswedo\/?originalSubdomain=fr"]},{"@type":"Person","@id":"https:\/\/www.saaswedo.com\/fr\/#\/schema\/person\/924c38c0af74529437151641611830a7","name":"Charles Deplanque","image":{"@type":"ImageObject","inLanguage":"fr-FR","@id":"https:\/\/secure.gravatar.com\/avatar\/88a8a3468e6cbbb38e358a7032367c06610a88973f70044d432e6d49689f524d?s=96&d=mm&r=g","url":"https:\/\/secure.gravatar.com\/avatar\/88a8a3468e6cbbb38e358a7032367c06610a88973f70044d432e6d49689f524d?s=96&d=mm&r=g","contentUrl":"https:\/\/secure.gravatar.com\/avatar\/88a8a3468e6cbbb38e358a7032367c06610a88973f70044d432e6d49689f524d?s=96&d=mm&r=g","caption":"Charles Deplanque"}}]}},"_links":{"self":[{"href":"https:\/\/www.saaswedo.com\/fr\/wp-json\/wp\/v2\/posts\/2848","targetHints":{"allow":["GET"]}}],"collection":[{"href":"https:\/\/www.saaswedo.com\/fr\/wp-json\/wp\/v2\/posts"}],"about":[{"href":"https:\/\/www.saaswedo.com\/fr\/wp-json\/wp\/v2\/types\/post"}],"author":[{"embeddable":true,"href":"https:\/\/www.saaswedo.com\/fr\/wp-json\/wp\/v2\/users\/2"}],"replies":[{"embeddable":true,"href":"https:\/\/www.saaswedo.com\/fr\/wp-json\/wp\/v2\/comments?post=2848"}],"version-history":[{"count":4,"href":"https:\/\/www.saaswedo.com\/fr\/wp-json\/wp\/v2\/posts\/2848\/revisions"}],"predecessor-version":[{"id":6837,"href":"https:\/\/www.saaswedo.com\/fr\/wp-json\/wp\/v2\/posts\/2848\/revisions\/6837"}],"wp:featuredmedia":[{"embeddable":true,"href":"https:\/\/www.saaswedo.com\/fr\/wp-json\/wp\/v2\/media\/2850"}],"wp:attachment":[{"href":"https:\/\/www.saaswedo.com\/fr\/wp-json\/wp\/v2\/media?parent=2848"}],"wp:term":[{"taxonomy":"category","embeddable":true,"href":"https:\/\/www.saaswedo.com\/fr\/wp-json\/wp\/v2\/categories?post=2848"},{"taxonomy":"post_tag","embeddable":true,"href":"https:\/\/www.saaswedo.com\/fr\/wp-json\/wp\/v2\/tags?post=2848"}],"curies":[{"name":"wp","href":"https:\/\/api.w.org\/{rel}","templated":true}]}}