{"id":2861,"date":"2023-10-18T10:37:31","date_gmt":"2023-10-18T08:37:31","guid":{"rendered":"https:\/\/www.saaswedo.com\/?p=2861"},"modified":"2026-03-10T10:32:52","modified_gmt":"2026-03-10T09:32:52","slug":"reduire-impact-carbone-numerique","status":"publish","type":"post","link":"https:\/\/www.saaswedo.com\/fr\/reduire-impact-carbone-numerique\/","title":{"rendered":"Comment r\u00e9duire efficacement l\u2019impact carbone du num\u00e9rique \u00e0 l\u2019\u00e9chelle individuelle ?"},"content":{"rendered":"\n<p>Les r\u00e9centes \u00e9tudes ont montr\u00e9 qu\u2019en France, la dur\u00e9e de vie moyenne d\u2019un smartphone est de 23 mois. Garder son \u00e9quipement 2 ans de plus permet pourtant de r\u00e9duire pr\u00e8s de 50% son empreinte carbone selon l\u2019ADEME.<\/p>\n\n\n\n<p>Sachant que la phase de fabrication est la phase la plus co\u00fbteuse en carbone (elle g\u00e9n\u00e8re \u00e0 elle seule pr\u00e8s de 79% de l\u2019empreinte globale du produit fini), prolonger la dur\u00e9e de vie d\u2019un \u00e9quipement emp\u00eache tout le processus de la fabrication d\u2019un nouveau et pr\u00e9serve les mati\u00e8res premi\u00e8res.<\/p>\n\n\n\n<p>Le plus important c\u2019est d\u2019\u00e9viter de remplacer les \u00e9quipements inutilement et de favoriser la r\u00e9paration ou l\u2019achat d\u2019occasion. Un smartphone reconditionn\u00e9 est en moyenne 8 fois plus vertueux qu\u2019un smartphone neuf. Ainsi, adopter une strat\u00e9gie de fin de vie pour les \u00e9quipements en les reconditionnant, les recyclant ou en les donnant \u00e0 des associations est prioritaire.<\/p>\n\n\n\n<p>Les \u00ab petits gestes \u00bb individuels (d\u00e9brancher ses \u00e9quipements, vider sa bo\u00eete mail, r\u00e9duire la taille des pi\u00e8ces jointes, privil\u00e9gier le WiFi plut\u00f4t que la 4G \/ 5G\u2026) sont souvent mis en avant dans les campagnes de sensibilisation en raison de leur accessibilit\u00e9 et de leur effet imm\u00e9diat mais l\u2019impact r\u00e9el des \u00e9quipements num\u00e9riques neufs sur l\u2019environnement est bien plus important. Pour changer ce paradigme et promouvoir la sobri\u00e9t\u00e9 dans l\u2019achat et l\u2019utilisation des \u00e9quipements num\u00e9riques, voici quelques strat\u00e9gies qui pourraient \u00eatre mises en \u0153uvre :<\/p>\n\n\n\n<h6 class=\"wp-block-heading\">\u00c9ducation et sensibilisation compl\u00e8te<\/h6>\n\n\n\n<p>Il est important de continuer \u00e0 sensibiliser les consommateurs aux impacts environnementaux des \u00e9quipements num\u00e9riques. Cela peut se faire en mettant en \u00e9vidence l\u2019empreinte carbone de leur production, de leur utilisation et de leur \u00e9limination. Quelles actions mettre en place&nbsp;?<\/p>\n\n\n\n<ul class=\"wp-block-list\">\n<li>Organiser des ateliers, des webinaires et des conf\u00e9rences pour expliquer en d\u00e9tail l\u2019impact environnemental de la production, de l\u2019utilisation et de l\u2019\u00e9limination des \u00e9quipements num\u00e9riques neufs.<\/li>\n\n\n\n<li>Utiliser des \u00e9tudes de cas et des donn\u00e9es chiffr\u00e9es pour montrer les diff\u00e9rences d\u2019empreinte carbone entre les produits neufs et les produits reconditionn\u00e9s.<\/li>\n<\/ul>\n\n\n\n<h6 class=\"wp-block-heading\">\u00c9tiquetage environnemental<\/h6>\n\n\n\n<p>Les \u00e9tiquettes environnementales informent sur l\u2019impact carbone et la durabilit\u00e9 des produits. Elles ont pour objectif de permettre aux acheteurs de prendre des d\u00e9cisions plus \u00e9clair\u00e9es. Que faire&nbsp;?<\/p>\n\n\n\n<ul class=\"wp-block-list\">\n<li>Collaborer avec des organismes de certification environnementale pour d\u00e9velopper des normes d\u2019\u00e9tiquetage claires et compr\u00e9hensibles qui indiquent l\u2019empreinte carbone, la durabilit\u00e9 et d\u2019autres crit\u00e8res \u00e9cologiques pertinents.<\/li>\n<\/ul>\n\n\n\n<h6 class=\"wp-block-heading\">Incitations \u00e9conomiques<\/h6>\n\n\n\n<p>Offrir des avantages fiscaux ou des r\u00e9ductions sur des produits \u00e9lectroniques plus durables ou reconditionn\u00e9s est \u00e9galement une bonne mani\u00e8re d\u2019encourager les consommateurs \u00e0 opter pour des choix plus respectueux de l\u2019environnement. Plus concr\u00e8tement, quelles d\u00e9marches suivre&nbsp;?<\/p>\n\n\n\n<ul class=\"wp-block-list\">\n<li>Proposer des remises ou des r\u00e9ductions d\u2019imp\u00f4ts pour les achats d\u2019\u00e9quipements reconditionn\u00e9s ou pour les appareils \u00e9conomes en \u00e9nergie.<\/li>\n\n\n\n<li>Mettre en place des programmes de financement \u00e0 faible taux d\u2019int\u00e9r\u00eat pour encourager l\u2019achat d\u2019\u00e9quipements durables.<\/li>\n<\/ul>\n\n\n\n<h6 class=\"wp-block-heading\">Promotion de l\u2019\u00e9conomie circulaire<\/h6>\n\n\n\n<p>Encourager l\u2019achat d\u2019\u00e9quipements reconditionn\u00e9s ou de seconde main peut r\u00e9duire la demande de produits neufs et prolonger la dur\u00e9e de vie des appareils. Comment encourager cette initiative&nbsp;?<\/p>\n\n\n\n<ul class=\"wp-block-list\">\n<li>\u00c9tablir des partenariats avec des entreprises de reconditionnement et des plateformes de vente de produits d\u2019occasion pour promouvoir les options de&nbsp;consommation&nbsp;plus durables.<\/li>\n\n\n\n<li>Cr\u00e9er des campagnes de sensibilisation pour expliquer les avantages \u00e9conomiques et environnementaux de l\u2019achat de produits reconditionn\u00e9s.<\/li>\n<\/ul>\n\n\n\n<h6 class=\"wp-block-heading\">R\u00e9glementations<\/h6>\n\n\n\n<p>Les gouvernements peuvent mettre en place des r\u00e9glementations pour encourager les fabricants \u00e0 concevoir des produits plus durables et plus faciles \u00e0 r\u00e9parer, ainsi qu\u2019\u00e0 adopter des pratiques de fabrication respectueuses de l\u2019environnement. Comment favoriser cette prise de d\u00e9cision ?<\/p>\n\n\n\n<ul class=\"wp-block-list\">\n<li>Introduire des normes minimales de durabilit\u00e9 pour les produits \u00e9lectroniques, comme la dur\u00e9e de vie minimale et la facilit\u00e9 de r\u00e9paration.<\/li>\n\n\n\n<li>Imposer des taxes ou des droits sur les produits \u00e9lectroniques neufs avec une empreinte carbone \u00e9lev\u00e9e, afin de stimuler la demande pour des produits plus respectueux de l\u2019environnement.<\/li>\n<\/ul>\n\n\n\n<h6 class=\"wp-block-heading\">\u00c9volution de la communication<\/h6>\n\n\n\n<p>Les campagnes de sensibilisation peuvent \u00e9galement v\u00e9hiculer des informations sur l\u2019impact majeur de la fabrication d\u2019\u00e9quipements num\u00e9riques neufs. Il est essentiel de montrer que la durabilit\u00e9 ne concerne pas seulement les petits gestes quotidiens mais aussi les choix plus larges que nous faisons en tant que consommateurs. Quels axes d\u2019am\u00e9lioration suivre&nbsp;?<\/p>\n\n\n\n<ul class=\"wp-block-list\">\n<li>Cr\u00e9er des campagnes m\u00e9diatiques percutantes qui mettent en lumi\u00e8re les cons\u00e9quences environnementales de la fabrication d\u2019\u00e9quipements neufs.<\/li>\n\n\n\n<li>Utiliser des comparaisons visuelles pour illustrer l\u2019impact carbone de l\u2019achat d\u2019un nouvel appareil par rapport \u00e0 la r\u00e9paration ou au reconditionnement d\u2019un appareil existant.<\/li>\n<\/ul>\n\n\n\n<h6 class=\"wp-block-heading\">Collaboration industrielle<\/h6>\n\n\n\n<p>Les entreprises technologiques peuvent jouer un r\u00f4le positif en travaillant \u00e0 la r\u00e9duction de leur empreinte carbone, en promouvant la r\u00e9paration plut\u00f4t que le remplacement et en adoptant des pratiques commerciales plus durables. Quels leviers actionner&nbsp;?<\/p>\n\n\n\n<ul class=\"wp-block-list\">\n<li>Encourager les entreprises \u00e0 adopter des pratiques de conception \u00e9co-responsables, comme la conception modulaire pour faciliter la r\u00e9paration et la mise \u00e0 niveau.<\/li>\n\n\n\n<li>Mettre en place des partenariats public-priv\u00e9 pour soutenir la recherche et le d\u00e9veloppement de technologies plus durables.<\/li>\n<\/ul>\n\n\n\n<p>En combinant ces strat\u00e9gies (incitations \u00e9conomiques, r\u00e9glementations appropri\u00e9es et sensibilisation accrue), il est alors possible de cr\u00e9er un \u00e9cosyst\u00e8me num\u00e9rique respectueux. Cependant, changer de paradigme n\u00e9cessitera une combinaison d\u2019efforts provenant \u00e0 la fois des gouvernements, de l\u2019industrie<a href=\"https:\/\/www.lemondedelenergie.com\/tag\/industrie\/\"><\/a>, des organisations environnementales et des consommateurs. Il est crucial de souligner que la transition vers une utilisation num\u00e9rique plus durable est un effort collectif qui va au-del\u00e0 des petits gestes individuels.<\/p>\n","protected":false},"excerpt":{"rendered":"<p>Les r\u00e9centes \u00e9tudes ont montr\u00e9 qu\u2019en France, la dur\u00e9e de vie moyenne d\u2019un smartphone est de 23 mois. Garder son \u00e9quipement 2 ans de plus permet pourtant de r\u00e9duire pr\u00e8s de 50% son empreinte carbone selon l\u2019ADEME. Sachant que la phase de fabrication est la phase la plus co\u00fbteuse en carbone (elle g\u00e9n\u00e8re \u00e0 elle [&hellip;]<\/p>\n","protected":false},"author":2,"featured_media":2859,"comment_status":"closed","ping_status":"closed","sticky":false,"template":"","format":"standard","meta":{"inline_featured_image":false,"footnotes":""},"categories":[14],"tags":[],"class_list":["post-2861","post","type-post","status-publish","format-standard","has-post-thumbnail","hentry","category-actualites","grve-entry-item","grve-blog-item"],"yoast_head":"<!-- This site is optimized with the Yoast SEO plugin v27.2 - https:\/\/yoast.com\/product\/yoast-seo-wordpress\/ -->\n<title>Comment r\u00e9duire efficacement l\u2019impact carbone du num\u00e9rique \u00e0 l\u2019\u00e9chelle individuelle ? - SAASWEDO - Sustainable Digital Workplace performance<\/title>\n<meta name=\"robots\" content=\"index, follow, max-snippet:-1, max-image-preview:large, max-video-preview:-1\" \/>\n<link rel=\"canonical\" href=\"https:\/\/www.saaswedo.com\/fr\/reduire-impact-carbone-numerique\/\" \/>\n<meta property=\"og:locale\" content=\"fr_FR\" \/>\n<meta property=\"og:type\" content=\"article\" \/>\n<meta property=\"og:title\" content=\"Comment r\u00e9duire efficacement l\u2019impact carbone du num\u00e9rique \u00e0 l\u2019\u00e9chelle individuelle ? - SAASWEDO - Sustainable Digital Workplace performance\" \/>\n<meta property=\"og:description\" content=\"Les r\u00e9centes \u00e9tudes ont montr\u00e9 qu\u2019en France, la dur\u00e9e de vie moyenne d\u2019un smartphone est de 23 mois. Garder son \u00e9quipement 2 ans de plus permet pourtant de r\u00e9duire pr\u00e8s de 50% son empreinte carbone selon l\u2019ADEME. Sachant que la phase de fabrication est la phase la plus co\u00fbteuse en carbone (elle g\u00e9n\u00e8re \u00e0 elle [&hellip;]\" \/>\n<meta property=\"og:url\" content=\"https:\/\/www.saaswedo.com\/fr\/reduire-impact-carbone-numerique\/\" \/>\n<meta property=\"og:site_name\" content=\"SAASWEDO - Sustainable Digital Workplace performance\" \/>\n<meta property=\"article:published_time\" content=\"2023-10-18T08:37:31+00:00\" \/>\n<meta property=\"article:modified_time\" content=\"2026-03-10T09:32:52+00:00\" \/>\n<meta property=\"og:image\" content=\"https:\/\/www.saaswedo.com\/wp-content\/uploads\/2023\/10\/ImpactsCarbonNUM3-scaled.jpg\" \/>\n\t<meta property=\"og:image:width\" content=\"2560\" \/>\n\t<meta property=\"og:image:height\" content=\"1707\" \/>\n\t<meta property=\"og:image:type\" content=\"image\/jpeg\" \/>\n<meta name=\"author\" content=\"Charles Deplanque\" \/>\n<meta name=\"twitter:card\" content=\"summary_large_image\" \/>\n<meta name=\"twitter:label1\" content=\"\u00c9crit par\" \/>\n\t<meta name=\"twitter:data1\" content=\"Charles Deplanque\" \/>\n\t<meta name=\"twitter:label2\" content=\"Dur\u00e9e de lecture estim\u00e9e\" \/>\n\t<meta name=\"twitter:data2\" content=\"4 minutes\" \/>\n<script type=\"application\/ld+json\" class=\"yoast-schema-graph\">{\"@context\":\"https:\/\/schema.org\",\"@graph\":[{\"@type\":\"Article\",\"@id\":\"https:\/\/www.saaswedo.com\/fr\/reduire-impact-carbone-numerique\/#article\",\"isPartOf\":{\"@id\":\"https:\/\/www.saaswedo.com\/fr\/reduire-impact-carbone-numerique\/\"},\"author\":{\"name\":\"Charles Deplanque\",\"@id\":\"https:\/\/www.saaswedo.com\/fr\/#\/schema\/person\/924c38c0af74529437151641611830a7\"},\"headline\":\"Comment r\u00e9duire efficacement l\u2019impact carbone du num\u00e9rique \u00e0 l\u2019\u00e9chelle individuelle ?\",\"datePublished\":\"2023-10-18T08:37:31+00:00\",\"dateModified\":\"2026-03-10T09:32:52+00:00\",\"mainEntityOfPage\":{\"@id\":\"https:\/\/www.saaswedo.com\/fr\/reduire-impact-carbone-numerique\/\"},\"wordCount\":987,\"publisher\":{\"@id\":\"https:\/\/www.saaswedo.com\/fr\/#organization\"},\"image\":{\"@id\":\"https:\/\/www.saaswedo.com\/fr\/reduire-impact-carbone-numerique\/#primaryimage\"},\"thumbnailUrl\":\"https:\/\/www.saaswedo.com\/wp-content\/uploads\/2023\/10\/ImpactsCarbonNUM3-scaled.jpg\",\"articleSection\":[\"Actualit\u00e9s\"],\"inLanguage\":\"fr-FR\"},{\"@type\":\"WebPage\",\"@id\":\"https:\/\/www.saaswedo.com\/fr\/reduire-impact-carbone-numerique\/\",\"url\":\"https:\/\/www.saaswedo.com\/fr\/reduire-impact-carbone-numerique\/\",\"name\":\"Comment r\u00e9duire efficacement l\u2019impact carbone du num\u00e9rique \u00e0 l\u2019\u00e9chelle individuelle ? - SAASWEDO - Sustainable Digital Workplace performance\",\"isPartOf\":{\"@id\":\"https:\/\/www.saaswedo.com\/fr\/#website\"},\"primaryImageOfPage\":{\"@id\":\"https:\/\/www.saaswedo.com\/fr\/reduire-impact-carbone-numerique\/#primaryimage\"},\"image\":{\"@id\":\"https:\/\/www.saaswedo.com\/fr\/reduire-impact-carbone-numerique\/#primaryimage\"},\"thumbnailUrl\":\"https:\/\/www.saaswedo.com\/wp-content\/uploads\/2023\/10\/ImpactsCarbonNUM3-scaled.jpg\",\"datePublished\":\"2023-10-18T08:37:31+00:00\",\"dateModified\":\"2026-03-10T09:32:52+00:00\",\"breadcrumb\":{\"@id\":\"https:\/\/www.saaswedo.com\/fr\/reduire-impact-carbone-numerique\/#breadcrumb\"},\"inLanguage\":\"fr-FR\",\"potentialAction\":[{\"@type\":\"ReadAction\",\"target\":[\"https:\/\/www.saaswedo.com\/fr\/reduire-impact-carbone-numerique\/\"]}]},{\"@type\":\"ImageObject\",\"inLanguage\":\"fr-FR\",\"@id\":\"https:\/\/www.saaswedo.com\/fr\/reduire-impact-carbone-numerique\/#primaryimage\",\"url\":\"https:\/\/www.saaswedo.com\/wp-content\/uploads\/2023\/10\/ImpactsCarbonNUM3-scaled.jpg\",\"contentUrl\":\"https:\/\/www.saaswedo.com\/wp-content\/uploads\/2023\/10\/ImpactsCarbonNUM3-scaled.jpg\",\"width\":2560,\"height\":1707},{\"@type\":\"BreadcrumbList\",\"@id\":\"https:\/\/www.saaswedo.com\/fr\/reduire-impact-carbone-numerique\/#breadcrumb\",\"itemListElement\":[{\"@type\":\"ListItem\",\"position\":1,\"name\":\"Accueil\",\"item\":\"https:\/\/www.saaswedo.com\/fr\/\"},{\"@type\":\"ListItem\",\"position\":2,\"name\":\"Comment r\u00e9duire efficacement l\u2019impact carbone du num\u00e9rique \u00e0 l\u2019\u00e9chelle individuelle ?\"}]},{\"@type\":\"WebSite\",\"@id\":\"https:\/\/www.saaswedo.com\/fr\/#website\",\"url\":\"https:\/\/www.saaswedo.com\/fr\/\",\"name\":\"SAASWEDO - Sustainable Digital Workplace performance\",\"description\":\"Depuis plus de 15 ans, Saaswedo d\u00e9livre aux entreprises des offres qui permettent de maitriser leur politique IT et t\u00e9l\u00e9com, de simplifier la gestion de leurs actifs et d\u2019optimiser leurs co\u00fbts.\",\"publisher\":{\"@id\":\"https:\/\/www.saaswedo.com\/fr\/#organization\"},\"potentialAction\":[{\"@type\":\"SearchAction\",\"target\":{\"@type\":\"EntryPoint\",\"urlTemplate\":\"https:\/\/www.saaswedo.com\/fr\/?s={search_term_string}\"},\"query-input\":{\"@type\":\"PropertyValueSpecification\",\"valueRequired\":true,\"valueName\":\"search_term_string\"}}],\"inLanguage\":\"fr-FR\"},{\"@type\":\"Organization\",\"@id\":\"https:\/\/www.saaswedo.com\/fr\/#organization\",\"name\":\"SAASWEDO\",\"url\":\"https:\/\/www.saaswedo.com\/fr\/\",\"logo\":{\"@type\":\"ImageObject\",\"inLanguage\":\"fr-FR\",\"@id\":\"https:\/\/www.saaswedo.com\/fr\/#\/schema\/logo\/image\/\",\"url\":\"https:\/\/www.saaswedo.com\/wp-content\/uploads\/2022\/11\/cropped-saaswedo-profil_512-1.png\",\"contentUrl\":\"https:\/\/www.saaswedo.com\/wp-content\/uploads\/2022\/11\/cropped-saaswedo-profil_512-1.png\",\"width\":512,\"height\":512,\"caption\":\"SAASWEDO\"},\"image\":{\"@id\":\"https:\/\/www.saaswedo.com\/fr\/#\/schema\/logo\/image\/\"},\"sameAs\":[\"https:\/\/www.linkedin.com\/company\/saaswedo\/?originalSubdomain=fr\"]},{\"@type\":\"Person\",\"@id\":\"https:\/\/www.saaswedo.com\/fr\/#\/schema\/person\/924c38c0af74529437151641611830a7\",\"name\":\"Charles Deplanque\",\"image\":{\"@type\":\"ImageObject\",\"inLanguage\":\"fr-FR\",\"@id\":\"https:\/\/secure.gravatar.com\/avatar\/88a8a3468e6cbbb38e358a7032367c06610a88973f70044d432e6d49689f524d?s=96&d=mm&r=g\",\"url\":\"https:\/\/secure.gravatar.com\/avatar\/88a8a3468e6cbbb38e358a7032367c06610a88973f70044d432e6d49689f524d?s=96&d=mm&r=g\",\"contentUrl\":\"https:\/\/secure.gravatar.com\/avatar\/88a8a3468e6cbbb38e358a7032367c06610a88973f70044d432e6d49689f524d?s=96&d=mm&r=g\",\"caption\":\"Charles Deplanque\"}}]}<\/script>\n<!-- \/ Yoast SEO plugin. -->","yoast_head_json":{"title":"Comment r\u00e9duire efficacement l\u2019impact carbone du num\u00e9rique \u00e0 l\u2019\u00e9chelle individuelle ? - SAASWEDO - Sustainable Digital Workplace performance","robots":{"index":"index","follow":"follow","max-snippet":"max-snippet:-1","max-image-preview":"max-image-preview:large","max-video-preview":"max-video-preview:-1"},"canonical":"https:\/\/www.saaswedo.com\/fr\/reduire-impact-carbone-numerique\/","og_locale":"fr_FR","og_type":"article","og_title":"Comment r\u00e9duire efficacement l\u2019impact carbone du num\u00e9rique \u00e0 l\u2019\u00e9chelle individuelle ? - SAASWEDO - Sustainable Digital Workplace performance","og_description":"Les r\u00e9centes \u00e9tudes ont montr\u00e9 qu\u2019en France, la dur\u00e9e de vie moyenne d\u2019un smartphone est de 23 mois. Garder son \u00e9quipement 2 ans de plus permet pourtant de r\u00e9duire pr\u00e8s de 50% son empreinte carbone selon l\u2019ADEME. Sachant que la phase de fabrication est la phase la plus co\u00fbteuse en carbone (elle g\u00e9n\u00e8re \u00e0 elle [&hellip;]","og_url":"https:\/\/www.saaswedo.com\/fr\/reduire-impact-carbone-numerique\/","og_site_name":"SAASWEDO - Sustainable Digital Workplace performance","article_published_time":"2023-10-18T08:37:31+00:00","article_modified_time":"2026-03-10T09:32:52+00:00","og_image":[{"width":2560,"height":1707,"url":"https:\/\/www.saaswedo.com\/wp-content\/uploads\/2023\/10\/ImpactsCarbonNUM3-scaled.jpg","type":"image\/jpeg"}],"author":"Charles Deplanque","twitter_card":"summary_large_image","twitter_misc":{"\u00c9crit par":"Charles Deplanque","Dur\u00e9e de lecture estim\u00e9e":"4 minutes"},"schema":{"@context":"https:\/\/schema.org","@graph":[{"@type":"Article","@id":"https:\/\/www.saaswedo.com\/fr\/reduire-impact-carbone-numerique\/#article","isPartOf":{"@id":"https:\/\/www.saaswedo.com\/fr\/reduire-impact-carbone-numerique\/"},"author":{"name":"Charles Deplanque","@id":"https:\/\/www.saaswedo.com\/fr\/#\/schema\/person\/924c38c0af74529437151641611830a7"},"headline":"Comment r\u00e9duire efficacement l\u2019impact carbone du num\u00e9rique \u00e0 l\u2019\u00e9chelle individuelle ?","datePublished":"2023-10-18T08:37:31+00:00","dateModified":"2026-03-10T09:32:52+00:00","mainEntityOfPage":{"@id":"https:\/\/www.saaswedo.com\/fr\/reduire-impact-carbone-numerique\/"},"wordCount":987,"publisher":{"@id":"https:\/\/www.saaswedo.com\/fr\/#organization"},"image":{"@id":"https:\/\/www.saaswedo.com\/fr\/reduire-impact-carbone-numerique\/#primaryimage"},"thumbnailUrl":"https:\/\/www.saaswedo.com\/wp-content\/uploads\/2023\/10\/ImpactsCarbonNUM3-scaled.jpg","articleSection":["Actualit\u00e9s"],"inLanguage":"fr-FR"},{"@type":"WebPage","@id":"https:\/\/www.saaswedo.com\/fr\/reduire-impact-carbone-numerique\/","url":"https:\/\/www.saaswedo.com\/fr\/reduire-impact-carbone-numerique\/","name":"Comment r\u00e9duire efficacement l\u2019impact carbone du num\u00e9rique \u00e0 l\u2019\u00e9chelle individuelle ? - SAASWEDO - Sustainable Digital Workplace performance","isPartOf":{"@id":"https:\/\/www.saaswedo.com\/fr\/#website"},"primaryImageOfPage":{"@id":"https:\/\/www.saaswedo.com\/fr\/reduire-impact-carbone-numerique\/#primaryimage"},"image":{"@id":"https:\/\/www.saaswedo.com\/fr\/reduire-impact-carbone-numerique\/#primaryimage"},"thumbnailUrl":"https:\/\/www.saaswedo.com\/wp-content\/uploads\/2023\/10\/ImpactsCarbonNUM3-scaled.jpg","datePublished":"2023-10-18T08:37:31+00:00","dateModified":"2026-03-10T09:32:52+00:00","breadcrumb":{"@id":"https:\/\/www.saaswedo.com\/fr\/reduire-impact-carbone-numerique\/#breadcrumb"},"inLanguage":"fr-FR","potentialAction":[{"@type":"ReadAction","target":["https:\/\/www.saaswedo.com\/fr\/reduire-impact-carbone-numerique\/"]}]},{"@type":"ImageObject","inLanguage":"fr-FR","@id":"https:\/\/www.saaswedo.com\/fr\/reduire-impact-carbone-numerique\/#primaryimage","url":"https:\/\/www.saaswedo.com\/wp-content\/uploads\/2023\/10\/ImpactsCarbonNUM3-scaled.jpg","contentUrl":"https:\/\/www.saaswedo.com\/wp-content\/uploads\/2023\/10\/ImpactsCarbonNUM3-scaled.jpg","width":2560,"height":1707},{"@type":"BreadcrumbList","@id":"https:\/\/www.saaswedo.com\/fr\/reduire-impact-carbone-numerique\/#breadcrumb","itemListElement":[{"@type":"ListItem","position":1,"name":"Accueil","item":"https:\/\/www.saaswedo.com\/fr\/"},{"@type":"ListItem","position":2,"name":"Comment r\u00e9duire efficacement l\u2019impact carbone du num\u00e9rique \u00e0 l\u2019\u00e9chelle individuelle ?"}]},{"@type":"WebSite","@id":"https:\/\/www.saaswedo.com\/fr\/#website","url":"https:\/\/www.saaswedo.com\/fr\/","name":"SAASWEDO - Sustainable Digital Workplace performance","description":"Depuis plus de 15 ans, Saaswedo d\u00e9livre aux entreprises des offres qui permettent de maitriser leur politique IT et t\u00e9l\u00e9com, de simplifier la gestion de leurs actifs et d\u2019optimiser leurs co\u00fbts.","publisher":{"@id":"https:\/\/www.saaswedo.com\/fr\/#organization"},"potentialAction":[{"@type":"SearchAction","target":{"@type":"EntryPoint","urlTemplate":"https:\/\/www.saaswedo.com\/fr\/?s={search_term_string}"},"query-input":{"@type":"PropertyValueSpecification","valueRequired":true,"valueName":"search_term_string"}}],"inLanguage":"fr-FR"},{"@type":"Organization","@id":"https:\/\/www.saaswedo.com\/fr\/#organization","name":"SAASWEDO","url":"https:\/\/www.saaswedo.com\/fr\/","logo":{"@type":"ImageObject","inLanguage":"fr-FR","@id":"https:\/\/www.saaswedo.com\/fr\/#\/schema\/logo\/image\/","url":"https:\/\/www.saaswedo.com\/wp-content\/uploads\/2022\/11\/cropped-saaswedo-profil_512-1.png","contentUrl":"https:\/\/www.saaswedo.com\/wp-content\/uploads\/2022\/11\/cropped-saaswedo-profil_512-1.png","width":512,"height":512,"caption":"SAASWEDO"},"image":{"@id":"https:\/\/www.saaswedo.com\/fr\/#\/schema\/logo\/image\/"},"sameAs":["https:\/\/www.linkedin.com\/company\/saaswedo\/?originalSubdomain=fr"]},{"@type":"Person","@id":"https:\/\/www.saaswedo.com\/fr\/#\/schema\/person\/924c38c0af74529437151641611830a7","name":"Charles Deplanque","image":{"@type":"ImageObject","inLanguage":"fr-FR","@id":"https:\/\/secure.gravatar.com\/avatar\/88a8a3468e6cbbb38e358a7032367c06610a88973f70044d432e6d49689f524d?s=96&d=mm&r=g","url":"https:\/\/secure.gravatar.com\/avatar\/88a8a3468e6cbbb38e358a7032367c06610a88973f70044d432e6d49689f524d?s=96&d=mm&r=g","contentUrl":"https:\/\/secure.gravatar.com\/avatar\/88a8a3468e6cbbb38e358a7032367c06610a88973f70044d432e6d49689f524d?s=96&d=mm&r=g","caption":"Charles Deplanque"}}]}},"_links":{"self":[{"href":"https:\/\/www.saaswedo.com\/fr\/wp-json\/wp\/v2\/posts\/2861","targetHints":{"allow":["GET"]}}],"collection":[{"href":"https:\/\/www.saaswedo.com\/fr\/wp-json\/wp\/v2\/posts"}],"about":[{"href":"https:\/\/www.saaswedo.com\/fr\/wp-json\/wp\/v2\/types\/post"}],"author":[{"embeddable":true,"href":"https:\/\/www.saaswedo.com\/fr\/wp-json\/wp\/v2\/users\/2"}],"replies":[{"embeddable":true,"href":"https:\/\/www.saaswedo.com\/fr\/wp-json\/wp\/v2\/comments?post=2861"}],"version-history":[{"count":3,"href":"https:\/\/www.saaswedo.com\/fr\/wp-json\/wp\/v2\/posts\/2861\/revisions"}],"predecessor-version":[{"id":6828,"href":"https:\/\/www.saaswedo.com\/fr\/wp-json\/wp\/v2\/posts\/2861\/revisions\/6828"}],"wp:featuredmedia":[{"embeddable":true,"href":"https:\/\/www.saaswedo.com\/fr\/wp-json\/wp\/v2\/media\/2859"}],"wp:attachment":[{"href":"https:\/\/www.saaswedo.com\/fr\/wp-json\/wp\/v2\/media?parent=2861"}],"wp:term":[{"taxonomy":"category","embeddable":true,"href":"https:\/\/www.saaswedo.com\/fr\/wp-json\/wp\/v2\/categories?post=2861"},{"taxonomy":"post_tag","embeddable":true,"href":"https:\/\/www.saaswedo.com\/fr\/wp-json\/wp\/v2\/tags?post=2861"}],"curies":[{"name":"wp","href":"https:\/\/api.w.org\/{rel}","templated":true}]}}