{"id":32,"date":"2019-05-29T08:20:35","date_gmt":"2019-05-29T06:20:35","guid":{"rendered":"https:\/\/www.saaswedo.com\/la-montee-en-puissance-de-la-mobilite-complexifie-la-gestion-des-actifs-telecom\/"},"modified":"2026-03-10T15:38:38","modified_gmt":"2026-03-10T14:38:38","slug":"la-montee-en-puissance-de-la-mobilite-complexifie-la-gestion-des-actifs-telecom","status":"publish","type":"post","link":"https:\/\/www.saaswedo.com\/fr\/la-montee-en-puissance-de-la-mobilite-complexifie-la-gestion-des-actifs-telecom\/","title":{"rendered":"La mont\u00e9e en puissance de la mobilit\u00e9 complexifie la gestion des actifs t\u00e9l\u00e9com"},"content":{"rendered":"\n<p><em>Par Christian Cor, Co-CEO de Saaswedo.<\/em><\/p>\n\n\n\n<p><span data-contrast=\"none\">La mobilit\u00e9 en entreprise est aujourd\u2019hui un ph\u00e9nom\u00e8ne concret \u00e0 bien des \u00e9gards qui <\/span><span data-contrast=\"none\">fait <\/span><span data-contrast=\"none\">profond\u00e9ment \u00e9voluer <\/span><span data-contrast=\"none\">la gestion du poste de travail <\/span><span data-contrast=\"none\">des entreprises<\/span><span data-contrast=\"none\"> et les usages <\/span><span data-contrast=\"none\">mobiles <\/span><span data-contrast=\"none\">des collaborateurs. Ainsi, plus qu\u2019un simple t\u00e9l\u00e9phone, <\/span><span data-contrast=\"none\">cette<\/span><span data-contrast=\"none\"> mobilit\u00e9 a ouvert de nombreux champs d\u2019application permettant aux collaborateurs de se connecter en tout lieu et \u00e0 tout moment au <\/span><span data-contrast=\"none\">Syst\u00e8me d\u2019Information<\/span><span data-contrast=\"none\">.<\/span><\/p>\n\n\n\n<p><span data-contrast=\"none\">Mais ce n\u2019est pas tout, la mobilit\u00e9 a aussi induit une grande difficult\u00e9 \u00e0 bien analyser <\/span><span data-contrast=\"none\">les usages<\/span><span data-contrast=\"none\"> t\u00e9l\u00e9coms<\/span> <span data-contrast=\"none\">et \u00e0 <\/span><span data-contrast=\"none\">contr\u00f4ler la bonne application<\/span><span data-contrast=\"none\"> de la politique t\u00e9l\u00e9com<\/span><span data-contrast=\"none\">. Les points qui expliquent ce constat sont par exemple\u202f: <\/span><span data-contrast=\"auto\">la multiplicit\u00e9 des offres et des catalogues <\/span><span data-contrast=\"auto\">des <\/span><span data-contrast=\"auto\">op\u00e9rateurs<\/span><span data-contrast=\"auto\"> et donc la difficult\u00e9 de bien choisir les offres qui conviennent aux usages<\/span><span data-contrast=\"none\">, l<\/span><span data-contrast=\"none\">\u2019utilisation <\/span><span data-contrast=\"none\">de la t\u00e9l\u00e9phonie mobile \u00e0 l\u2019\u00e9tranger, etc. Tous ces \u00e9l\u00e9ments sont autant de donn\u00e9es avec lesquelles les entreprises doivent se familiariser pour piloter efficacement leurs flottes mobiles.<\/span><span data-ccp-props=\"{&quot;201341983&quot;:0,&quot;335551550&quot;:6,&quot;335551620&quot;:6,&quot;335559739&quot;:200,&quot;335559740&quot;:276}\">&nbsp;<\/span><\/p>\n\n\n\n<h6 class=\"wp-block-heading\"><b><span data-contrast=\"none\">Une complexit\u00e9 du parc<\/span><\/b><\/h6>\n\n\n\n<p><span data-contrast=\"none\">Le premier point tient \u00e0 la complexit\u00e9 des parcs t\u00e9l\u00e9coms<\/span><span data-contrast=\"none\">,<\/span><span data-contrast=\"none\"> aux diff\u00e9rents types de contrats<\/span><span data-contrast=\"none\">,<\/span><span data-contrast=\"none\"> d\u2019abonnements souscrits<\/span><span data-contrast=\"none\"> et \u00e0 la multiplicit\u00e9 des catalogues fournisseurs<\/span><span data-contrast=\"none\">. Il est en effet difficile d\u2019avoir une vision pr\u00e9cise des <\/span><span data-contrast=\"none\">enjeux<\/span><span data-contrast=\"none\"> engag\u00e9s et leur ad\u00e9quation aux besoins r\u00e9els des collaborateurs. En ce sens, auditer et connaitre <\/span><span data-contrast=\"none\">ses actifs <\/span><span data-contrast=\"none\">pour<\/span><span data-contrast=\"none\"> pouvoir le<\/span><span data-contrast=\"none\">s<\/span><span data-contrast=\"none\"> projeter<\/span><span data-contrast=\"none\"> et les confronter<\/span><span data-contrast=\"none\"> \u00e0 sa politique t\u00e9l\u00e9com <\/span><span data-contrast=\"none\">est un pr\u00e9requis qui <\/span><span data-contrast=\"none\">donne<\/span><span data-contrast=\"none\"> de <\/span><span data-contrast=\"none\">la <\/span><span data-contrast=\"none\">coh\u00e9rence \u00e0 sa gouvernance.<\/span><span data-ccp-props=\"{&quot;201341983&quot;:0,&quot;335551550&quot;:6,&quot;335551620&quot;:6,&quot;335559739&quot;:200,&quot;335559740&quot;:276}\">&nbsp;<\/span><\/p>\n\n\n\n<p><span data-contrast=\"none\">Cet \u00e9l\u00e9ment est d\u2019autant plus important que le trafic mobile connait chaque ann\u00e9e une croissance exponentielle. Cela s\u2019explique notamment par la g\u00e9n\u00e9ralisation du travail nomade, l\u2019\u00e9volution des <\/span><span data-contrast=\"none\">offres ou encore les solutions convergentes qui permettent de piloter tout type d\u2019\u00e9change depuis son mobile\u202f: num\u00e9ro unique, visioconf\u00e9rence, mails, outils collaboratifs, etc.<\/span><\/p>\n\n\n\n<p><span data-contrast=\"none\">Le mobile devient un point d\u2019acc\u00e8s central pour communiquer de mani\u00e8re professionnelle via un seul <\/span><span data-contrast=\"none\">\u00e9quipement<\/span><span data-contrast=\"none\">. On comprend donc parfaitement que les notions li\u00e9es \u00e0 la consommation de data jouent un r\u00f4le important dans le co\u00fbt global des op\u00e9rations r\u00e9alis\u00e9es sur mobile.<\/span><span data-ccp-props=\"{&quot;201341983&quot;:0,&quot;335551550&quot;:6,&quot;335551620&quot;:6,&quot;335559739&quot;:200,&quot;335559740&quot;:276}\">&nbsp;<\/span><\/p>\n\n\n\n<h6 class=\"wp-block-heading\"><b><span data-contrast=\"none\">Maitriser son parc et ses budgets<\/span><\/b><span data-ccp-props=\"{&quot;201341983&quot;:0,&quot;335551550&quot;:6,&quot;335551620&quot;:6,&quot;335559739&quot;:200,&quot;335559740&quot;:276}\">\u00a0<\/span><\/h6>\n\n\n\n<p><span data-contrast=\"none\">Il est donc fondamental de piloter <\/span><span data-contrast=\"none\">ses actifs<\/span><span data-contrast=\"none\"> t\u00e9l\u00e9com mobile<\/span><span data-contrast=\"none\">s<\/span><span data-contrast=\"none\"> dans une logique industrielle. Mais comment faire pour arriver \u00e0 un tel r\u00e9sultat\u202f? \u00c0 ce stade, il est clairement impossible ou tout au moins compliqu\u00e9 de r\u00e9aliser un tel projet \u00ab\u202fmanuellement\u202f\u00bb. Ce constat est d\u2019autant plus vrai pour des organisations \u00e9tendues et grands comptes qui doivent g\u00e9rer plusieurs centaines voire milliers de postes et pour lesquelles des politiques d\u2019achats normalis\u00e9es ne sont pas n\u00e9cessairement mises en place. L\u2019utilisation de\u202fplateformes d\u00e9di\u00e9es semble devenir un pr\u00e9requis incontournable.<\/span><\/p>\n\n\n\n<p><span data-contrast=\"none\">Elles permett<\/span><span data-contrast=\"none\">en<\/span><span data-contrast=\"none\">t d\u2019acc\u00e9der \u00e0 diff\u00e9rents indicateurs de suivi <\/span><span data-contrast=\"none\">et de gestion <\/span><span data-contrast=\"none\">permettant de mieux piloter <\/span><span data-contrast=\"none\">l\u2019ensemble de vos \u00e9quipements<\/span><span data-contrast=\"none\">. Il <\/span><span data-contrast=\"none\">est<\/span><span data-contrast=\"none\"> par exemple possible d\u2019acc\u00e9der \u00e0 des<\/span><span data-contrast=\"none\">\u202f<\/span><span data-contrast=\"none\">tableaux de bord <\/span><span data-contrast=\"none\">et des <\/span><span data-contrast=\"none\">indicateurs de variation mensuelle, d<\/span><span data-contrast=\"none\">es <\/span><span data-contrast=\"none\">analyses graphiques con\u00e7ues pour faciliter les prises de d\u00e9cision des gestionnaires de flotte<\/span><span data-contrast=\"none\">.<\/span><\/p>\n\n\n\n<p><span data-contrast=\"none\">Mais certaines plateformes proposent aussi des APIs pour se connecter directement aux Syst\u00e8mes d\u2019Information des op\u00e9rateurs et ainsi, fiabiliser les \u00e9changes en \u00e9vitant les doubles saisies<\/span><span data-contrast=\"none\">, les rationaliser et disposer d\u2019un retour imm\u00e9diat sur les actes de gestion pass\u00e9s \u00e0 partir de ces plateformes. Pour le gestionnaire, c\u2019est un gage d\u2019efficacit\u00e9 suppl\u00e9mentaire et l\u2019assurance d\u2019une meilleure satisfaction des utilisateurs.<\/span><span data-ccp-props=\"{&quot;201341983&quot;:0,&quot;335551550&quot;:6,&quot;335551620&quot;:6,&quot;335559739&quot;:200,&quot;335559740&quot;:276}\">&nbsp;<\/span><\/p>\n\n\n\n<p><span data-contrast=\"none\">Tous ces \u00e9l\u00e9ments mettent clairement en \u00e9vidence que la mobilit\u00e9 doit \u00eatre savamment pilot\u00e9e. Il est donc n\u00e9cessaire de positionner ce sujet au centre de sa gouvernance t\u00e9l\u00e9com et de g\u00e9rer efficacement ses flottes mobiles dans une logique industrielle.<\/span><\/p>\n","protected":false},"excerpt":{"rendered":"<p>Par Christian Cor, Co-CEO de Saaswedo. La mobilit\u00e9 en entreprise est aujourd\u2019hui un ph\u00e9nom\u00e8ne concret \u00e0 bien des \u00e9gards qui fait profond\u00e9ment \u00e9voluer la gestion du poste de travail des entreprises et les usages mobiles des collaborateurs. Ainsi, plus qu\u2019un simple t\u00e9l\u00e9phone, cette mobilit\u00e9 a ouvert de nombreux champs d\u2019application permettant aux collaborateurs de se [&hellip;]<\/p>\n","protected":false},"author":2,"featured_media":31,"comment_status":"closed","ping_status":"open","sticky":false,"template":"","format":"standard","meta":{"inline_featured_image":false,"footnotes":""},"categories":[14],"tags":[],"class_list":["post-32","post","type-post","status-publish","format-standard","has-post-thumbnail","hentry","category-actualites","grve-entry-item","grve-blog-item"],"yoast_head":"<!-- This site is optimized with the Yoast SEO plugin v27.2 - https:\/\/yoast.com\/product\/yoast-seo-wordpress\/ -->\n<title>La mont\u00e9e en puissance de la mobilit\u00e9 complexifie la gestion des actifs t\u00e9l\u00e9com - Saaswedo - Performance durable de la Digital Workplace<\/title>\n<meta name=\"robots\" content=\"index, follow, max-snippet:-1, max-image-preview:large, max-video-preview:-1\" \/>\n<link rel=\"canonical\" href=\"https:\/\/www.saaswedo.com\/fr\/la-montee-en-puissance-de-la-mobilite-complexifie-la-gestion-des-actifs-telecom\/\" \/>\n<meta property=\"og:locale\" content=\"fr_FR\" \/>\n<meta property=\"og:type\" content=\"article\" \/>\n<meta property=\"og:title\" content=\"La mont\u00e9e en puissance de la mobilit\u00e9 complexifie la gestion des actifs t\u00e9l\u00e9com\" \/>\n<meta property=\"og:description\" content=\"Par Christian Cor, Co-CEO de Saaswedo. La mobilit\u00e9 en entreprise est aujourd\u2019hui un ph\u00e9nom\u00e8ne concret \u00e0 bien des \u00e9gards qui fait profond\u00e9ment \u00e9voluer ...\" \/>\n<meta property=\"og:url\" content=\"https:\/\/www.saaswedo.com\/fr\/la-montee-en-puissance-de-la-mobilite-complexifie-la-gestion-des-actifs-telecom\/\" \/>\n<meta property=\"og:site_name\" content=\"SAASWEDO - Sustainable Digital Workplace performance\" \/>\n<meta property=\"article:published_time\" content=\"2019-05-29T06:20:35+00:00\" \/>\n<meta property=\"article:modified_time\" content=\"2026-03-10T14:38:38+00:00\" \/>\n<meta property=\"og:image\" content=\"https:\/\/www.saaswedo.com\/wp-content\/uploads\/2022\/11\/ChristianCor.jpg\" \/>\n\t<meta property=\"og:image:width\" content=\"333\" \/>\n\t<meta property=\"og:image:height\" content=\"500\" \/>\n\t<meta property=\"og:image:type\" content=\"image\/jpeg\" \/>\n<meta name=\"author\" content=\"Charles Deplanque\" \/>\n<meta name=\"twitter:card\" content=\"summary_large_image\" \/>\n<meta name=\"twitter:title\" content=\"La mont\u00e9e en puissance de la mobilit\u00e9 complexifie la gestion des actifs t\u00e9l\u00e9com\" \/>\n<meta name=\"twitter:description\" content=\"Par Christian Cor, Co-CEO de Saaswedo. La mobilit\u00e9 en entreprise est aujourd\u2019hui un ph\u00e9nom\u00e8ne concret \u00e0 bien des \u00e9gards qui fait profond\u00e9ment \u00e9voluer ...\" \/>\n<meta name=\"twitter:label1\" content=\"\u00c9crit par\" \/>\n\t<meta name=\"twitter:data1\" content=\"Charles Deplanque\" \/>\n\t<meta name=\"twitter:label2\" content=\"Dur\u00e9e de lecture estim\u00e9e\" \/>\n\t<meta name=\"twitter:data2\" content=\"3 minutes\" \/>\n<script type=\"application\/ld+json\" class=\"yoast-schema-graph\">{\"@context\":\"https:\/\/schema.org\",\"@graph\":[{\"@type\":\"Article\",\"@id\":\"https:\/\/www.saaswedo.com\/fr\/la-montee-en-puissance-de-la-mobilite-complexifie-la-gestion-des-actifs-telecom\/#article\",\"isPartOf\":{\"@id\":\"https:\/\/www.saaswedo.com\/fr\/la-montee-en-puissance-de-la-mobilite-complexifie-la-gestion-des-actifs-telecom\/\"},\"author\":{\"name\":\"Charles Deplanque\",\"@id\":\"https:\/\/www.saaswedo.com\/fr\/#\/schema\/person\/924c38c0af74529437151641611830a7\"},\"headline\":\"La mont\u00e9e en puissance de la mobilit\u00e9 complexifie la gestion des actifs t\u00e9l\u00e9com\",\"datePublished\":\"2019-05-29T06:20:35+00:00\",\"dateModified\":\"2026-03-10T14:38:38+00:00\",\"mainEntityOfPage\":{\"@id\":\"https:\/\/www.saaswedo.com\/fr\/la-montee-en-puissance-de-la-mobilite-complexifie-la-gestion-des-actifs-telecom\/\"},\"wordCount\":667,\"publisher\":{\"@id\":\"https:\/\/www.saaswedo.com\/fr\/#organization\"},\"image\":{\"@id\":\"https:\/\/www.saaswedo.com\/fr\/la-montee-en-puissance-de-la-mobilite-complexifie-la-gestion-des-actifs-telecom\/#primaryimage\"},\"thumbnailUrl\":\"https:\/\/www.saaswedo.com\/wp-content\/uploads\/2022\/11\/ChristianCor.jpg\",\"articleSection\":[\"Actualit\u00e9s\"],\"inLanguage\":\"fr-FR\"},{\"@type\":\"WebPage\",\"@id\":\"https:\/\/www.saaswedo.com\/fr\/la-montee-en-puissance-de-la-mobilite-complexifie-la-gestion-des-actifs-telecom\/\",\"url\":\"https:\/\/www.saaswedo.com\/fr\/la-montee-en-puissance-de-la-mobilite-complexifie-la-gestion-des-actifs-telecom\/\",\"name\":\"La mont\u00e9e en puissance de la mobilit\u00e9 complexifie la gestion des actifs t\u00e9l\u00e9com - Saaswedo - Performance durable de la Digital Workplace\",\"isPartOf\":{\"@id\":\"https:\/\/www.saaswedo.com\/fr\/#website\"},\"primaryImageOfPage\":{\"@id\":\"https:\/\/www.saaswedo.com\/fr\/la-montee-en-puissance-de-la-mobilite-complexifie-la-gestion-des-actifs-telecom\/#primaryimage\"},\"image\":{\"@id\":\"https:\/\/www.saaswedo.com\/fr\/la-montee-en-puissance-de-la-mobilite-complexifie-la-gestion-des-actifs-telecom\/#primaryimage\"},\"thumbnailUrl\":\"https:\/\/www.saaswedo.com\/wp-content\/uploads\/2022\/11\/ChristianCor.jpg\",\"datePublished\":\"2019-05-29T06:20:35+00:00\",\"dateModified\":\"2026-03-10T14:38:38+00:00\",\"breadcrumb\":{\"@id\":\"https:\/\/www.saaswedo.com\/fr\/la-montee-en-puissance-de-la-mobilite-complexifie-la-gestion-des-actifs-telecom\/#breadcrumb\"},\"inLanguage\":\"fr-FR\",\"potentialAction\":[{\"@type\":\"ReadAction\",\"target\":[\"https:\/\/www.saaswedo.com\/fr\/la-montee-en-puissance-de-la-mobilite-complexifie-la-gestion-des-actifs-telecom\/\"]}]},{\"@type\":\"ImageObject\",\"inLanguage\":\"fr-FR\",\"@id\":\"https:\/\/www.saaswedo.com\/fr\/la-montee-en-puissance-de-la-mobilite-complexifie-la-gestion-des-actifs-telecom\/#primaryimage\",\"url\":\"https:\/\/www.saaswedo.com\/wp-content\/uploads\/2022\/11\/ChristianCor.jpg\",\"contentUrl\":\"https:\/\/www.saaswedo.com\/wp-content\/uploads\/2022\/11\/ChristianCor.jpg\",\"width\":333,\"height\":500},{\"@type\":\"BreadcrumbList\",\"@id\":\"https:\/\/www.saaswedo.com\/fr\/la-montee-en-puissance-de-la-mobilite-complexifie-la-gestion-des-actifs-telecom\/#breadcrumb\",\"itemListElement\":[{\"@type\":\"ListItem\",\"position\":1,\"name\":\"Accueil\",\"item\":\"https:\/\/www.saaswedo.com\/fr\/\"},{\"@type\":\"ListItem\",\"position\":2,\"name\":\"La mont\u00e9e en puissance de la mobilit\u00e9 complexifie la gestion des actifs t\u00e9l\u00e9com\"}]},{\"@type\":\"WebSite\",\"@id\":\"https:\/\/www.saaswedo.com\/fr\/#website\",\"url\":\"https:\/\/www.saaswedo.com\/fr\/\",\"name\":\"SAASWEDO - Sustainable Digital Workplace performance\",\"description\":\"Depuis plus de 15 ans, Saaswedo d\u00e9livre aux entreprises des offres qui permettent de maitriser leur politique IT et t\u00e9l\u00e9com, de simplifier la gestion de leurs actifs et d\u2019optimiser leurs co\u00fbts.\",\"publisher\":{\"@id\":\"https:\/\/www.saaswedo.com\/fr\/#organization\"},\"potentialAction\":[{\"@type\":\"SearchAction\",\"target\":{\"@type\":\"EntryPoint\",\"urlTemplate\":\"https:\/\/www.saaswedo.com\/fr\/?s={search_term_string}\"},\"query-input\":{\"@type\":\"PropertyValueSpecification\",\"valueRequired\":true,\"valueName\":\"search_term_string\"}}],\"inLanguage\":\"fr-FR\"},{\"@type\":\"Organization\",\"@id\":\"https:\/\/www.saaswedo.com\/fr\/#organization\",\"name\":\"SAASWEDO\",\"url\":\"https:\/\/www.saaswedo.com\/fr\/\",\"logo\":{\"@type\":\"ImageObject\",\"inLanguage\":\"fr-FR\",\"@id\":\"https:\/\/www.saaswedo.com\/fr\/#\/schema\/logo\/image\/\",\"url\":\"https:\/\/www.saaswedo.com\/wp-content\/uploads\/2022\/11\/cropped-saaswedo-profil_512-1.png\",\"contentUrl\":\"https:\/\/www.saaswedo.com\/wp-content\/uploads\/2022\/11\/cropped-saaswedo-profil_512-1.png\",\"width\":512,\"height\":512,\"caption\":\"SAASWEDO\"},\"image\":{\"@id\":\"https:\/\/www.saaswedo.com\/fr\/#\/schema\/logo\/image\/\"},\"sameAs\":[\"https:\/\/www.linkedin.com\/company\/saaswedo\/?originalSubdomain=fr\"]},{\"@type\":\"Person\",\"@id\":\"https:\/\/www.saaswedo.com\/fr\/#\/schema\/person\/924c38c0af74529437151641611830a7\",\"name\":\"Charles Deplanque\",\"image\":{\"@type\":\"ImageObject\",\"inLanguage\":\"fr-FR\",\"@id\":\"https:\/\/secure.gravatar.com\/avatar\/88a8a3468e6cbbb38e358a7032367c06610a88973f70044d432e6d49689f524d?s=96&d=mm&r=g\",\"url\":\"https:\/\/secure.gravatar.com\/avatar\/88a8a3468e6cbbb38e358a7032367c06610a88973f70044d432e6d49689f524d?s=96&d=mm&r=g\",\"contentUrl\":\"https:\/\/secure.gravatar.com\/avatar\/88a8a3468e6cbbb38e358a7032367c06610a88973f70044d432e6d49689f524d?s=96&d=mm&r=g\",\"caption\":\"Charles Deplanque\"}}]}<\/script>\n<!-- \/ Yoast SEO plugin. -->","yoast_head_json":{"title":"La mont\u00e9e en puissance de la mobilit\u00e9 complexifie la gestion des actifs t\u00e9l\u00e9com - Saaswedo - Performance durable de la Digital Workplace","robots":{"index":"index","follow":"follow","max-snippet":"max-snippet:-1","max-image-preview":"max-image-preview:large","max-video-preview":"max-video-preview:-1"},"canonical":"https:\/\/www.saaswedo.com\/fr\/la-montee-en-puissance-de-la-mobilite-complexifie-la-gestion-des-actifs-telecom\/","og_locale":"fr_FR","og_type":"article","og_title":"La mont\u00e9e en puissance de la mobilit\u00e9 complexifie la gestion des actifs t\u00e9l\u00e9com","og_description":"Par Christian Cor, Co-CEO de Saaswedo. La mobilit\u00e9 en entreprise est aujourd\u2019hui un ph\u00e9nom\u00e8ne concret \u00e0 bien des \u00e9gards qui fait profond\u00e9ment \u00e9voluer ...","og_url":"https:\/\/www.saaswedo.com\/fr\/la-montee-en-puissance-de-la-mobilite-complexifie-la-gestion-des-actifs-telecom\/","og_site_name":"SAASWEDO - Sustainable Digital Workplace performance","article_published_time":"2019-05-29T06:20:35+00:00","article_modified_time":"2026-03-10T14:38:38+00:00","og_image":[{"width":333,"height":500,"url":"https:\/\/www.saaswedo.com\/wp-content\/uploads\/2022\/11\/ChristianCor.jpg","type":"image\/jpeg"}],"author":"Charles Deplanque","twitter_card":"summary_large_image","twitter_title":"La mont\u00e9e en puissance de la mobilit\u00e9 complexifie la gestion des actifs t\u00e9l\u00e9com","twitter_description":"Par Christian Cor, Co-CEO de Saaswedo. La mobilit\u00e9 en entreprise est aujourd\u2019hui un ph\u00e9nom\u00e8ne concret \u00e0 bien des \u00e9gards qui fait profond\u00e9ment \u00e9voluer ...","twitter_misc":{"\u00c9crit par":"Charles Deplanque","Dur\u00e9e de lecture estim\u00e9e":"3 minutes"},"schema":{"@context":"https:\/\/schema.org","@graph":[{"@type":"Article","@id":"https:\/\/www.saaswedo.com\/fr\/la-montee-en-puissance-de-la-mobilite-complexifie-la-gestion-des-actifs-telecom\/#article","isPartOf":{"@id":"https:\/\/www.saaswedo.com\/fr\/la-montee-en-puissance-de-la-mobilite-complexifie-la-gestion-des-actifs-telecom\/"},"author":{"name":"Charles Deplanque","@id":"https:\/\/www.saaswedo.com\/fr\/#\/schema\/person\/924c38c0af74529437151641611830a7"},"headline":"La mont\u00e9e en puissance de la mobilit\u00e9 complexifie la gestion des actifs t\u00e9l\u00e9com","datePublished":"2019-05-29T06:20:35+00:00","dateModified":"2026-03-10T14:38:38+00:00","mainEntityOfPage":{"@id":"https:\/\/www.saaswedo.com\/fr\/la-montee-en-puissance-de-la-mobilite-complexifie-la-gestion-des-actifs-telecom\/"},"wordCount":667,"publisher":{"@id":"https:\/\/www.saaswedo.com\/fr\/#organization"},"image":{"@id":"https:\/\/www.saaswedo.com\/fr\/la-montee-en-puissance-de-la-mobilite-complexifie-la-gestion-des-actifs-telecom\/#primaryimage"},"thumbnailUrl":"https:\/\/www.saaswedo.com\/wp-content\/uploads\/2022\/11\/ChristianCor.jpg","articleSection":["Actualit\u00e9s"],"inLanguage":"fr-FR"},{"@type":"WebPage","@id":"https:\/\/www.saaswedo.com\/fr\/la-montee-en-puissance-de-la-mobilite-complexifie-la-gestion-des-actifs-telecom\/","url":"https:\/\/www.saaswedo.com\/fr\/la-montee-en-puissance-de-la-mobilite-complexifie-la-gestion-des-actifs-telecom\/","name":"La mont\u00e9e en puissance de la mobilit\u00e9 complexifie la gestion des actifs t\u00e9l\u00e9com - Saaswedo - Performance durable de la Digital Workplace","isPartOf":{"@id":"https:\/\/www.saaswedo.com\/fr\/#website"},"primaryImageOfPage":{"@id":"https:\/\/www.saaswedo.com\/fr\/la-montee-en-puissance-de-la-mobilite-complexifie-la-gestion-des-actifs-telecom\/#primaryimage"},"image":{"@id":"https:\/\/www.saaswedo.com\/fr\/la-montee-en-puissance-de-la-mobilite-complexifie-la-gestion-des-actifs-telecom\/#primaryimage"},"thumbnailUrl":"https:\/\/www.saaswedo.com\/wp-content\/uploads\/2022\/11\/ChristianCor.jpg","datePublished":"2019-05-29T06:20:35+00:00","dateModified":"2026-03-10T14:38:38+00:00","breadcrumb":{"@id":"https:\/\/www.saaswedo.com\/fr\/la-montee-en-puissance-de-la-mobilite-complexifie-la-gestion-des-actifs-telecom\/#breadcrumb"},"inLanguage":"fr-FR","potentialAction":[{"@type":"ReadAction","target":["https:\/\/www.saaswedo.com\/fr\/la-montee-en-puissance-de-la-mobilite-complexifie-la-gestion-des-actifs-telecom\/"]}]},{"@type":"ImageObject","inLanguage":"fr-FR","@id":"https:\/\/www.saaswedo.com\/fr\/la-montee-en-puissance-de-la-mobilite-complexifie-la-gestion-des-actifs-telecom\/#primaryimage","url":"https:\/\/www.saaswedo.com\/wp-content\/uploads\/2022\/11\/ChristianCor.jpg","contentUrl":"https:\/\/www.saaswedo.com\/wp-content\/uploads\/2022\/11\/ChristianCor.jpg","width":333,"height":500},{"@type":"BreadcrumbList","@id":"https:\/\/www.saaswedo.com\/fr\/la-montee-en-puissance-de-la-mobilite-complexifie-la-gestion-des-actifs-telecom\/#breadcrumb","itemListElement":[{"@type":"ListItem","position":1,"name":"Accueil","item":"https:\/\/www.saaswedo.com\/fr\/"},{"@type":"ListItem","position":2,"name":"La mont\u00e9e en puissance de la mobilit\u00e9 complexifie la gestion des actifs t\u00e9l\u00e9com"}]},{"@type":"WebSite","@id":"https:\/\/www.saaswedo.com\/fr\/#website","url":"https:\/\/www.saaswedo.com\/fr\/","name":"SAASWEDO - Sustainable Digital Workplace performance","description":"Depuis plus de 15 ans, Saaswedo d\u00e9livre aux entreprises des offres qui permettent de maitriser leur politique IT et t\u00e9l\u00e9com, de simplifier la gestion de leurs actifs et d\u2019optimiser leurs co\u00fbts.","publisher":{"@id":"https:\/\/www.saaswedo.com\/fr\/#organization"},"potentialAction":[{"@type":"SearchAction","target":{"@type":"EntryPoint","urlTemplate":"https:\/\/www.saaswedo.com\/fr\/?s={search_term_string}"},"query-input":{"@type":"PropertyValueSpecification","valueRequired":true,"valueName":"search_term_string"}}],"inLanguage":"fr-FR"},{"@type":"Organization","@id":"https:\/\/www.saaswedo.com\/fr\/#organization","name":"SAASWEDO","url":"https:\/\/www.saaswedo.com\/fr\/","logo":{"@type":"ImageObject","inLanguage":"fr-FR","@id":"https:\/\/www.saaswedo.com\/fr\/#\/schema\/logo\/image\/","url":"https:\/\/www.saaswedo.com\/wp-content\/uploads\/2022\/11\/cropped-saaswedo-profil_512-1.png","contentUrl":"https:\/\/www.saaswedo.com\/wp-content\/uploads\/2022\/11\/cropped-saaswedo-profil_512-1.png","width":512,"height":512,"caption":"SAASWEDO"},"image":{"@id":"https:\/\/www.saaswedo.com\/fr\/#\/schema\/logo\/image\/"},"sameAs":["https:\/\/www.linkedin.com\/company\/saaswedo\/?originalSubdomain=fr"]},{"@type":"Person","@id":"https:\/\/www.saaswedo.com\/fr\/#\/schema\/person\/924c38c0af74529437151641611830a7","name":"Charles Deplanque","image":{"@type":"ImageObject","inLanguage":"fr-FR","@id":"https:\/\/secure.gravatar.com\/avatar\/88a8a3468e6cbbb38e358a7032367c06610a88973f70044d432e6d49689f524d?s=96&d=mm&r=g","url":"https:\/\/secure.gravatar.com\/avatar\/88a8a3468e6cbbb38e358a7032367c06610a88973f70044d432e6d49689f524d?s=96&d=mm&r=g","contentUrl":"https:\/\/secure.gravatar.com\/avatar\/88a8a3468e6cbbb38e358a7032367c06610a88973f70044d432e6d49689f524d?s=96&d=mm&r=g","caption":"Charles Deplanque"}}]}},"_links":{"self":[{"href":"https:\/\/www.saaswedo.com\/fr\/wp-json\/wp\/v2\/posts\/32","targetHints":{"allow":["GET"]}}],"collection":[{"href":"https:\/\/www.saaswedo.com\/fr\/wp-json\/wp\/v2\/posts"}],"about":[{"href":"https:\/\/www.saaswedo.com\/fr\/wp-json\/wp\/v2\/types\/post"}],"author":[{"embeddable":true,"href":"https:\/\/www.saaswedo.com\/fr\/wp-json\/wp\/v2\/users\/2"}],"replies":[{"embeddable":true,"href":"https:\/\/www.saaswedo.com\/fr\/wp-json\/wp\/v2\/comments?post=32"}],"version-history":[{"count":3,"href":"https:\/\/www.saaswedo.com\/fr\/wp-json\/wp\/v2\/posts\/32\/revisions"}],"predecessor-version":[{"id":6897,"href":"https:\/\/www.saaswedo.com\/fr\/wp-json\/wp\/v2\/posts\/32\/revisions\/6897"}],"wp:featuredmedia":[{"embeddable":true,"href":"https:\/\/www.saaswedo.com\/fr\/wp-json\/wp\/v2\/media\/31"}],"wp:attachment":[{"href":"https:\/\/www.saaswedo.com\/fr\/wp-json\/wp\/v2\/media?parent=32"}],"wp:term":[{"taxonomy":"category","embeddable":true,"href":"https:\/\/www.saaswedo.com\/fr\/wp-json\/wp\/v2\/categories?post=32"},{"taxonomy":"post_tag","embeddable":true,"href":"https:\/\/www.saaswedo.com\/fr\/wp-json\/wp\/v2\/tags?post=32"}],"curies":[{"name":"wp","href":"https:\/\/api.w.org\/{rel}","templated":true}]}}