{"id":35,"date":"2018-12-18T09:39:29","date_gmt":"2018-12-18T08:39:29","guid":{"rendered":"https:\/\/www.saaswedo.com\/usages-et-couts-telecoms-des-entreprises-quel-impact-a-vraiment-eu-leurotarif\/"},"modified":"2026-03-10T15:46:19","modified_gmt":"2026-03-10T14:46:19","slug":"usages-et-couts-telecoms-des-entreprises-quel-impact-a-vraiment-eu-leurotarif","status":"publish","type":"post","link":"https:\/\/www.saaswedo.com\/fr\/usages-et-couts-telecoms-des-entreprises-quel-impact-a-vraiment-eu-leurotarif\/","title":{"rendered":"Usages et co\u00fbts t\u00e9l\u00e9coms des entreprises : quel impact a vraiment eu l\u2019Eurotarif ?"},"content":{"rendered":"<p><em>Par Christian Cor, directeur associ\u00e9 de l\u2019\u00e9diteur fran\u00e7ais Saaswedo.<\/em><\/p>\n<p>Les Fran\u00e7ais sont de plus en plus nombreux \u00e0 utiliser leur smartphone lors de d\u00e9placements en Europe et leurs usages en itin\u00e9rance augmentent \u00e9norm\u00e9ment. Ces enseignements issus du dernier Barom\u00e8tre du Num\u00e9rique r\u00e9alis\u00e9 par l\u2019ARCEP, le Conseil g\u00e9n\u00e9ral de l&rsquo;\u00e9conomie et l&rsquo;Agence du Num\u00e9rique, avec le Centre de recherche pour l&rsquo;\u00e9tude et l&rsquo;observation des conditions de vie (CREDOC) soulignent un effet m\u00e9canique li\u00e9 notamment \u00e0 l\u2019entr\u00e9e en vigueur en juin 2017 de l\u2019Eurotarif.<\/p>\n<p>Cette nouvelle r\u00e9glementation a \u00e9t\u00e9 m\u00e9diatis\u00e9e car elle a fait dispara\u00eetre une partie des redoutables frais de roaming dans un grand nombre de pays europ\u00e9ens. Avec plus d\u2019un an de recul, nous pouvons nous poser la question de son impact r\u00e9el sur les entreprises, au-del\u00e0 de nos usages personnels.<\/p>\n<h3>Les co\u00fbts t\u00e9l\u00e9coms ne baissent pas. Les usages, eux, explosent.<\/h3>\n<p>En la mati\u00e8re, les chiffres que nous avons pu obtenir permettent rapidement de d\u00e9monter diverses croyances et lieux communs. La premi\u00e8re d\u2019entre elle : m\u00eame avec le passage de l\u2019Eurotarif, les co\u00fbts t\u00e9l\u00e9coms moyens pour les entreprises n\u2019ont pas d\u00e9cru, bien au contraire ! Ainsi la d\u00e9pense a augment\u00e9 en moyenne de 8% pour la partie roaming par exemple.<\/p>\n<p>Le deuxi\u00e8me point, c\u2019est que cette hausse mesur\u00e9e est \u00e0 mettre en regard de l\u2019explosion des volumes d\u2019\u00e9changes de donn\u00e9es v\u00e9cues dans les m\u00eames entreprises. Nous constatons en moyenne une multiplication par 2,5 de ces volumes par rapport \u00e0 l\u2019\u00e9poque pr\u00e9c\u00e9dent l\u2019Eurotarif. L\u2019ARCEP, avec ses propres observations, note m\u00eame jusqu\u2019au quadruplement des niveaux de consommation.<\/p>\n<p>Ainsi, l\u2019impact imm\u00e9diat de l\u2019Eurotarif a \u00e9t\u00e9 une sorte de \u00ablib\u00e9ration\u00bb des usages t\u00e9l\u00e9coms itin\u00e9rants. Pour une bonne partie des entreprises, nous observons en effet des progressions \u00e0 3 chiffres en un an. Une croissance extr\u00eamement rapide, si l\u2019on consid\u00e8re que notre enqu\u00eate concerne des structures dont les parcs de terminaux restent stables. Autrement dit, \u00e0 iso p\u00e9rim\u00e8tre, les entreprises ont tout simplement vu exploser les usages mobiles de leurs collaborateurs en quelques mois.<\/p>\n<p>C\u2019est \u00e0 la fois une bonne et une mauvaise nouvelle. Sur le plan positif, cette lib\u00e9ration incarne en partie les changements de fonctionnement, de mode de travail et d\u2019\u00e9tat d\u2019esprit des entreprises, alors qu\u2019elles se transforment avec le num\u00e9rique. Les communications voix et data sont de moins en moins vues comme des facteurs bloquants pour activer de nouveaux usages, avec un effet majeur sur le business, sur l\u2019exp\u00e9rience quotidienne des collaborateurs, ou encore sur l\u2019attractivit\u00e9 pour recruter de jeunes talents &#8230;<\/p>\n<h3>Les entreprises et leurs collaborateurs sont en train de prendre de mauvaises habitudes.<\/h3>\n<p>Cependant, le probl\u00e8me principal reste que ces nouvelles habitudes -que l\u2019on peut r\u00e9sumer sch\u00e9matiquement par l\u2019id\u00e9e que les forfaits sont devenus \u00abillimit\u00e9s\u00bb- se g\u00e9n\u00e9ralisent, sans distinction d\u2019environnement. Or, la question de l\u2019Eurotarif ne concerne qu\u2019une poign\u00e9e de pays europ\u00e9en. Du point de vue de l\u2019utilisateur, cette facilit\u00e9 per\u00e7ue de la fin du roaming contribue \u00e0 entretenir une confusion : pourquoi faudrait-il adapter ses usages d\u2019un pays \u00e0 l\u2019autre ?<\/p>\n<p>En fait, depuis la \u00abfin des frais de roaming\u00bb, on note une plus grande difficult\u00e9 \u00e0 acqu\u00e9rir de bons r\u00e9flexes d\u2019usage, et \u00e0 faire preuve de vigilance lors des d\u00e9placements &#8230; m\u00eame en dehors de l\u2019Europe ! Les modes de consommation d\u00e9brid\u00e9s deviennent la norme, pas seulement en Europe, mais partout ailleurs dans le monde.<\/p>\n<p>En cons\u00e9quence et paradoxalement, les entreprises doivent donc mettre les bouch\u00e9es doubles pour accompagner le changement et responsabiliser leurs \u00e9quipes. Cet accompagnement et cette sensibilisation sont d\u2019autant plus importants qu\u2019environ 80% des usages t\u00e9l\u00e9coms que les entreprises supportent, concernent non pas des usages professionnels mais bien des usages personnels. YouTube, Netflix et Facebook, trustent syst\u00e9matiquement le podium des plus gros sites consommateurs de donn\u00e9es \u00e0 l\u2019\u00e9chelle des entreprises.<\/p>\n<p>Tant que les communications sont ma\u00eetris\u00e9es, notamment par le wifi qui en absorbe une grande partie, la probl\u00e9matique est transparente. Mais est-ce que cette posture de compr\u00e9hension sera autant assum\u00e9e par les dirigeants quand ces m\u00eames usages seront exerc\u00e9s en roaming, \u00e0 l\u2019ext\u00e9rieur de l\u2019espace Eurotarif, par exemple aux Etats-Unis &#8230; ou en Suisse ? Quelle sera la r\u00e9action quand elles comprendront que leur dernier \u00abBill Shock*\u00bb de plusieurs dizaines de milliers d\u2019euros est d\u00fb \u00e0 House of Cards ?<\/p>\n<p>Il est raisonnable de dire que les entreprises sont pr\u00eates \u00e0 payer pour couvrir des usages personnels de leurs collaborateurs, vu l\u2019engagement croissant de ceux-ci dans des modes de travail plus agiles. L\u2019enjeu est cependant la capacit\u00e9 de l\u2019entreprise \u00e0 avoir une vision et des analyses suffisamment fines, pour anticiper et \u00e9viter les d\u00e9rapages.<\/p>\n<p>Il n\u2019y a pas de recettes toutes faites pour faire face au nouveau monde des usages data en milieu professionnel. La priorit\u00e9 est donc d\u2019avoir une vision granulaire, des r\u00e8gles, des outils, en fonction des usages r\u00e9els (et non pas fantasm\u00e9s) et des choix faits par les dirigeants. C\u2019est le seul moyen de pouvoir ensuite s\u00e9lectionner des offres t\u00e9l\u00e9coms, qu\u2019elles soient individualis\u00e9es ou mutualis\u00e9es, sans se fourvoyer.<\/p>\n<h3>Les entreprises vont-elles savoir anticiper les changements majeurs qui arrivent ?<\/h3>\n<p>L\u2019avenir qui commence \u00e0 se dessiner rend d\u2019autant plus urgent cette structuration. En effet, les op\u00e9rateurs t\u00e9l\u00e9coms s\u2019adaptent \u00e0 l\u2019\u00e9volution de leur march\u00e9. Les prix unitaires baissent, l\u2019\u00e9quation \u00e9conomique est donc complexe pour eux. Leur principal levier est de favoriser au mieux l\u2019augmentation des volumes de consommation et donc l\u2019explosion des usages. Ils sont aid\u00e9s en cela par les derni\u00e8res perc\u00e9es technologiques.<\/p>\n<p>Les PC \u00e9quip\u00e9s de cartes SIM, qui permettent aux utilisateurs de ne plus avoir \u00e0 se poser de questions pour mener leur communication dans leur nouvel espace de travail num\u00e9rique, se multiplient. En 2020, 1 nouveau PC sur 5 fonctionnera ainsi. Les premiers chiffres montrent que l\u2019impact sur le r\u00e9seau mobile est colossal : la consommation mobile double.<\/p>\n<p>De m\u00eame, la 5G va provoquer \u2013plus rapidement que l\u2019on ne le croit\u2013 des augmentations gigantesques en mati\u00e8re de consommation. Sans compter les nouveaux usages qui seront ainsi d\u00e9bloqu\u00e9s, de la m\u00eame fa\u00e7on que lors du passage de la 3G \u00e0 4G auparavant (t\u00e9l\u00e9-expertise, streaming &#8230;).<\/p>\n<p>Pour l\u2019utilisateur, tout sera plus simple. Les forfaits traditionnels vont devenir progressivement des forfaits multidevices, rattach\u00e9s \u00e0 la personne plut\u00f4t qu\u2019\u00e0 un de ses terminaux (smartphone, tablette, PC). Et une nouvelle fois, l\u2019impact \u00e9vident sera une multiplication des usages. Dans ce contexte d\u2019acc\u00e9l\u00e9ration, en partie masqu\u00e9es par des r\u00e9glementations comme l\u2019Eurotarif, c\u2019est finalement bien \u00e0 l\u2019entreprise d\u2019\u00eatre consciente des enjeux et de savoir \u00eatre suffisamment pr\u00e9cise dans ses actions et sa politique interne pour ne pas brider les gains de productivit\u00e9 potentiels &#8230; sans risquer pour autant que les habitudes de consommation ne la fragilise \u00e0 coup de \u00abBill Shocks\u00bb successifs, venu de l\u2019international.<\/p>\n<p><em>*Le \u00abchoc des factures\u00bb survient quand une entreprise d\u00e9couvre des frais de communications compl\u00e8tement impr\u00e9vus, souvent plusieurs mois apr\u00e8s qu\u2019ils aient eu lieu.<\/em><\/p>\n","protected":false},"excerpt":{"rendered":"<p>Par Christian Cor, directeur associ\u00e9 de l\u2019\u00e9diteur fran\u00e7ais Saaswedo. Les Fran\u00e7ais sont de plus en plus nombreux \u00e0 utiliser leur smartphone lors de d\u00e9placements en Europe et leurs usages en itin\u00e9rance augmentent \u00e9norm\u00e9ment. Ces enseignements issus du dernier Barom\u00e8tre du Num\u00e9rique r\u00e9alis\u00e9 par l\u2019ARCEP, le Conseil g\u00e9n\u00e9ral de l&rsquo;\u00e9conomie et l&rsquo;Agence du Num\u00e9rique, avec le [&hellip;]<\/p>\n","protected":false},"author":2,"featured_media":31,"comment_status":"closed","ping_status":"open","sticky":false,"template":"","format":"standard","meta":{"inline_featured_image":false,"footnotes":""},"categories":[14],"tags":[],"class_list":["post-35","post","type-post","status-publish","format-standard","has-post-thumbnail","hentry","category-actualites","grve-entry-item","grve-blog-item"],"yoast_head":"<!-- This site is optimized with the Yoast SEO plugin v27.2 - https:\/\/yoast.com\/product\/yoast-seo-wordpress\/ -->\n<title>Usages et co\u00fbts t\u00e9l\u00e9coms des entreprises : quel impact a vraiment eu l\u2019Eurotarif ? - Saaswedo - Performance durable de la Digital Workplace<\/title>\n<meta name=\"robots\" content=\"index, follow, max-snippet:-1, max-image-preview:large, max-video-preview:-1\" \/>\n<link rel=\"canonical\" href=\"https:\/\/www.saaswedo.com\/fr\/usages-et-couts-telecoms-des-entreprises-quel-impact-a-vraiment-eu-leurotarif\/\" \/>\n<meta property=\"og:locale\" content=\"fr_FR\" \/>\n<meta property=\"og:type\" content=\"article\" \/>\n<meta property=\"og:title\" content=\"Usages et co\u00fbts t\u00e9l\u00e9coms des entreprises : quel impact a vraiment eu l\u2019Eurotarif ?\" \/>\n<meta property=\"og:description\" content=\"Par Christian Cor, directeur associ\u00e9 de l\u2019\u00e9diteur fran\u00e7ais Saaswedo. Les Fran\u00e7ais sont de plus en plus nombreux \u00e0 utiliser leur smartphone lors de d\u00e9pl ...\" \/>\n<meta property=\"og:url\" content=\"https:\/\/www.saaswedo.com\/fr\/usages-et-couts-telecoms-des-entreprises-quel-impact-a-vraiment-eu-leurotarif\/\" \/>\n<meta property=\"og:site_name\" content=\"SAASWEDO - Sustainable Digital Workplace performance\" \/>\n<meta property=\"article:published_time\" content=\"2018-12-18T08:39:29+00:00\" \/>\n<meta property=\"article:modified_time\" content=\"2026-03-10T14:46:19+00:00\" \/>\n<meta property=\"og:image\" content=\"https:\/\/www.saaswedo.com\/wp-content\/uploads\/2022\/11\/ChristianCor.jpg\" \/>\n\t<meta property=\"og:image:width\" content=\"333\" \/>\n\t<meta property=\"og:image:height\" content=\"500\" \/>\n\t<meta property=\"og:image:type\" content=\"image\/jpeg\" \/>\n<meta name=\"author\" content=\"Charles Deplanque\" \/>\n<meta name=\"twitter:card\" content=\"summary_large_image\" \/>\n<meta name=\"twitter:title\" content=\"Usages et co\u00fbts t\u00e9l\u00e9coms des entreprises : quel impact a vraiment eu l\u2019Eurotarif ?\" \/>\n<meta name=\"twitter:description\" content=\"Par Christian Cor, directeur associ\u00e9 de l\u2019\u00e9diteur fran\u00e7ais Saaswedo. Les Fran\u00e7ais sont de plus en plus nombreux \u00e0 utiliser leur smartphone lors de d\u00e9pl ...\" \/>\n<meta name=\"twitter:label1\" content=\"\u00c9crit par\" \/>\n\t<meta name=\"twitter:data1\" content=\"Charles Deplanque\" \/>\n\t<meta name=\"twitter:label2\" content=\"Dur\u00e9e de lecture estim\u00e9e\" \/>\n\t<meta name=\"twitter:data2\" content=\"6 minutes\" \/>\n<script type=\"application\/ld+json\" class=\"yoast-schema-graph\">{\"@context\":\"https:\/\/schema.org\",\"@graph\":[{\"@type\":\"Article\",\"@id\":\"https:\/\/www.saaswedo.com\/fr\/usages-et-couts-telecoms-des-entreprises-quel-impact-a-vraiment-eu-leurotarif\/#article\",\"isPartOf\":{\"@id\":\"https:\/\/www.saaswedo.com\/fr\/usages-et-couts-telecoms-des-entreprises-quel-impact-a-vraiment-eu-leurotarif\/\"},\"author\":{\"name\":\"Charles Deplanque\",\"@id\":\"https:\/\/www.saaswedo.com\/fr\/#\/schema\/person\/924c38c0af74529437151641611830a7\"},\"headline\":\"Usages et co\u00fbts t\u00e9l\u00e9coms des entreprises : quel impact a vraiment eu l\u2019Eurotarif ?\",\"datePublished\":\"2018-12-18T08:39:29+00:00\",\"dateModified\":\"2026-03-10T14:46:19+00:00\",\"mainEntityOfPage\":{\"@id\":\"https:\/\/www.saaswedo.com\/fr\/usages-et-couts-telecoms-des-entreprises-quel-impact-a-vraiment-eu-leurotarif\/\"},\"wordCount\":1282,\"publisher\":{\"@id\":\"https:\/\/www.saaswedo.com\/fr\/#organization\"},\"image\":{\"@id\":\"https:\/\/www.saaswedo.com\/fr\/usages-et-couts-telecoms-des-entreprises-quel-impact-a-vraiment-eu-leurotarif\/#primaryimage\"},\"thumbnailUrl\":\"https:\/\/www.saaswedo.com\/wp-content\/uploads\/2022\/11\/ChristianCor.jpg\",\"articleSection\":[\"Actualit\u00e9s\"],\"inLanguage\":\"fr-FR\"},{\"@type\":\"WebPage\",\"@id\":\"https:\/\/www.saaswedo.com\/fr\/usages-et-couts-telecoms-des-entreprises-quel-impact-a-vraiment-eu-leurotarif\/\",\"url\":\"https:\/\/www.saaswedo.com\/fr\/usages-et-couts-telecoms-des-entreprises-quel-impact-a-vraiment-eu-leurotarif\/\",\"name\":\"Usages et co\u00fbts t\u00e9l\u00e9coms des entreprises : quel impact a vraiment eu l\u2019Eurotarif ? - Saaswedo - Performance durable de la Digital Workplace\",\"isPartOf\":{\"@id\":\"https:\/\/www.saaswedo.com\/fr\/#website\"},\"primaryImageOfPage\":{\"@id\":\"https:\/\/www.saaswedo.com\/fr\/usages-et-couts-telecoms-des-entreprises-quel-impact-a-vraiment-eu-leurotarif\/#primaryimage\"},\"image\":{\"@id\":\"https:\/\/www.saaswedo.com\/fr\/usages-et-couts-telecoms-des-entreprises-quel-impact-a-vraiment-eu-leurotarif\/#primaryimage\"},\"thumbnailUrl\":\"https:\/\/www.saaswedo.com\/wp-content\/uploads\/2022\/11\/ChristianCor.jpg\",\"datePublished\":\"2018-12-18T08:39:29+00:00\",\"dateModified\":\"2026-03-10T14:46:19+00:00\",\"breadcrumb\":{\"@id\":\"https:\/\/www.saaswedo.com\/fr\/usages-et-couts-telecoms-des-entreprises-quel-impact-a-vraiment-eu-leurotarif\/#breadcrumb\"},\"inLanguage\":\"fr-FR\",\"potentialAction\":[{\"@type\":\"ReadAction\",\"target\":[\"https:\/\/www.saaswedo.com\/fr\/usages-et-couts-telecoms-des-entreprises-quel-impact-a-vraiment-eu-leurotarif\/\"]}]},{\"@type\":\"ImageObject\",\"inLanguage\":\"fr-FR\",\"@id\":\"https:\/\/www.saaswedo.com\/fr\/usages-et-couts-telecoms-des-entreprises-quel-impact-a-vraiment-eu-leurotarif\/#primaryimage\",\"url\":\"https:\/\/www.saaswedo.com\/wp-content\/uploads\/2022\/11\/ChristianCor.jpg\",\"contentUrl\":\"https:\/\/www.saaswedo.com\/wp-content\/uploads\/2022\/11\/ChristianCor.jpg\",\"width\":333,\"height\":500},{\"@type\":\"BreadcrumbList\",\"@id\":\"https:\/\/www.saaswedo.com\/fr\/usages-et-couts-telecoms-des-entreprises-quel-impact-a-vraiment-eu-leurotarif\/#breadcrumb\",\"itemListElement\":[{\"@type\":\"ListItem\",\"position\":1,\"name\":\"Accueil\",\"item\":\"https:\/\/www.saaswedo.com\/fr\/\"},{\"@type\":\"ListItem\",\"position\":2,\"name\":\"Usages et co\u00fbts t\u00e9l\u00e9coms des entreprises : quel impact a vraiment eu l\u2019Eurotarif ?\"}]},{\"@type\":\"WebSite\",\"@id\":\"https:\/\/www.saaswedo.com\/fr\/#website\",\"url\":\"https:\/\/www.saaswedo.com\/fr\/\",\"name\":\"SAASWEDO - Sustainable Digital Workplace performance\",\"description\":\"Depuis plus de 15 ans, Saaswedo d\u00e9livre aux entreprises des offres qui permettent de maitriser leur politique IT et t\u00e9l\u00e9com, de simplifier la gestion de leurs actifs et d\u2019optimiser leurs co\u00fbts.\",\"publisher\":{\"@id\":\"https:\/\/www.saaswedo.com\/fr\/#organization\"},\"potentialAction\":[{\"@type\":\"SearchAction\",\"target\":{\"@type\":\"EntryPoint\",\"urlTemplate\":\"https:\/\/www.saaswedo.com\/fr\/?s={search_term_string}\"},\"query-input\":{\"@type\":\"PropertyValueSpecification\",\"valueRequired\":true,\"valueName\":\"search_term_string\"}}],\"inLanguage\":\"fr-FR\"},{\"@type\":\"Organization\",\"@id\":\"https:\/\/www.saaswedo.com\/fr\/#organization\",\"name\":\"SAASWEDO\",\"url\":\"https:\/\/www.saaswedo.com\/fr\/\",\"logo\":{\"@type\":\"ImageObject\",\"inLanguage\":\"fr-FR\",\"@id\":\"https:\/\/www.saaswedo.com\/fr\/#\/schema\/logo\/image\/\",\"url\":\"https:\/\/www.saaswedo.com\/wp-content\/uploads\/2022\/11\/cropped-saaswedo-profil_512-1.png\",\"contentUrl\":\"https:\/\/www.saaswedo.com\/wp-content\/uploads\/2022\/11\/cropped-saaswedo-profil_512-1.png\",\"width\":512,\"height\":512,\"caption\":\"SAASWEDO\"},\"image\":{\"@id\":\"https:\/\/www.saaswedo.com\/fr\/#\/schema\/logo\/image\/\"},\"sameAs\":[\"https:\/\/www.linkedin.com\/company\/saaswedo\/?originalSubdomain=fr\"]},{\"@type\":\"Person\",\"@id\":\"https:\/\/www.saaswedo.com\/fr\/#\/schema\/person\/924c38c0af74529437151641611830a7\",\"name\":\"Charles Deplanque\",\"image\":{\"@type\":\"ImageObject\",\"inLanguage\":\"fr-FR\",\"@id\":\"https:\/\/secure.gravatar.com\/avatar\/88a8a3468e6cbbb38e358a7032367c06610a88973f70044d432e6d49689f524d?s=96&d=mm&r=g\",\"url\":\"https:\/\/secure.gravatar.com\/avatar\/88a8a3468e6cbbb38e358a7032367c06610a88973f70044d432e6d49689f524d?s=96&d=mm&r=g\",\"contentUrl\":\"https:\/\/secure.gravatar.com\/avatar\/88a8a3468e6cbbb38e358a7032367c06610a88973f70044d432e6d49689f524d?s=96&d=mm&r=g\",\"caption\":\"Charles Deplanque\"}}]}<\/script>\n<!-- \/ Yoast SEO plugin. -->","yoast_head_json":{"title":"Usages et co\u00fbts t\u00e9l\u00e9coms des entreprises : quel impact a vraiment eu l\u2019Eurotarif ? - Saaswedo - Performance durable de la Digital Workplace","robots":{"index":"index","follow":"follow","max-snippet":"max-snippet:-1","max-image-preview":"max-image-preview:large","max-video-preview":"max-video-preview:-1"},"canonical":"https:\/\/www.saaswedo.com\/fr\/usages-et-couts-telecoms-des-entreprises-quel-impact-a-vraiment-eu-leurotarif\/","og_locale":"fr_FR","og_type":"article","og_title":"Usages et co\u00fbts t\u00e9l\u00e9coms des entreprises : quel impact a vraiment eu l\u2019Eurotarif ?","og_description":"Par Christian Cor, directeur associ\u00e9 de l\u2019\u00e9diteur fran\u00e7ais Saaswedo. Les Fran\u00e7ais sont de plus en plus nombreux \u00e0 utiliser leur smartphone lors de d\u00e9pl ...","og_url":"https:\/\/www.saaswedo.com\/fr\/usages-et-couts-telecoms-des-entreprises-quel-impact-a-vraiment-eu-leurotarif\/","og_site_name":"SAASWEDO - Sustainable Digital Workplace performance","article_published_time":"2018-12-18T08:39:29+00:00","article_modified_time":"2026-03-10T14:46:19+00:00","og_image":[{"width":333,"height":500,"url":"https:\/\/www.saaswedo.com\/wp-content\/uploads\/2022\/11\/ChristianCor.jpg","type":"image\/jpeg"}],"author":"Charles Deplanque","twitter_card":"summary_large_image","twitter_title":"Usages et co\u00fbts t\u00e9l\u00e9coms des entreprises : quel impact a vraiment eu l\u2019Eurotarif ?","twitter_description":"Par Christian Cor, directeur associ\u00e9 de l\u2019\u00e9diteur fran\u00e7ais Saaswedo. Les Fran\u00e7ais sont de plus en plus nombreux \u00e0 utiliser leur smartphone lors de d\u00e9pl ...","twitter_misc":{"\u00c9crit par":"Charles Deplanque","Dur\u00e9e de lecture estim\u00e9e":"6 minutes"},"schema":{"@context":"https:\/\/schema.org","@graph":[{"@type":"Article","@id":"https:\/\/www.saaswedo.com\/fr\/usages-et-couts-telecoms-des-entreprises-quel-impact-a-vraiment-eu-leurotarif\/#article","isPartOf":{"@id":"https:\/\/www.saaswedo.com\/fr\/usages-et-couts-telecoms-des-entreprises-quel-impact-a-vraiment-eu-leurotarif\/"},"author":{"name":"Charles Deplanque","@id":"https:\/\/www.saaswedo.com\/fr\/#\/schema\/person\/924c38c0af74529437151641611830a7"},"headline":"Usages et co\u00fbts t\u00e9l\u00e9coms des entreprises : quel impact a vraiment eu l\u2019Eurotarif ?","datePublished":"2018-12-18T08:39:29+00:00","dateModified":"2026-03-10T14:46:19+00:00","mainEntityOfPage":{"@id":"https:\/\/www.saaswedo.com\/fr\/usages-et-couts-telecoms-des-entreprises-quel-impact-a-vraiment-eu-leurotarif\/"},"wordCount":1282,"publisher":{"@id":"https:\/\/www.saaswedo.com\/fr\/#organization"},"image":{"@id":"https:\/\/www.saaswedo.com\/fr\/usages-et-couts-telecoms-des-entreprises-quel-impact-a-vraiment-eu-leurotarif\/#primaryimage"},"thumbnailUrl":"https:\/\/www.saaswedo.com\/wp-content\/uploads\/2022\/11\/ChristianCor.jpg","articleSection":["Actualit\u00e9s"],"inLanguage":"fr-FR"},{"@type":"WebPage","@id":"https:\/\/www.saaswedo.com\/fr\/usages-et-couts-telecoms-des-entreprises-quel-impact-a-vraiment-eu-leurotarif\/","url":"https:\/\/www.saaswedo.com\/fr\/usages-et-couts-telecoms-des-entreprises-quel-impact-a-vraiment-eu-leurotarif\/","name":"Usages et co\u00fbts t\u00e9l\u00e9coms des entreprises : quel impact a vraiment eu l\u2019Eurotarif ? - Saaswedo - Performance durable de la Digital Workplace","isPartOf":{"@id":"https:\/\/www.saaswedo.com\/fr\/#website"},"primaryImageOfPage":{"@id":"https:\/\/www.saaswedo.com\/fr\/usages-et-couts-telecoms-des-entreprises-quel-impact-a-vraiment-eu-leurotarif\/#primaryimage"},"image":{"@id":"https:\/\/www.saaswedo.com\/fr\/usages-et-couts-telecoms-des-entreprises-quel-impact-a-vraiment-eu-leurotarif\/#primaryimage"},"thumbnailUrl":"https:\/\/www.saaswedo.com\/wp-content\/uploads\/2022\/11\/ChristianCor.jpg","datePublished":"2018-12-18T08:39:29+00:00","dateModified":"2026-03-10T14:46:19+00:00","breadcrumb":{"@id":"https:\/\/www.saaswedo.com\/fr\/usages-et-couts-telecoms-des-entreprises-quel-impact-a-vraiment-eu-leurotarif\/#breadcrumb"},"inLanguage":"fr-FR","potentialAction":[{"@type":"ReadAction","target":["https:\/\/www.saaswedo.com\/fr\/usages-et-couts-telecoms-des-entreprises-quel-impact-a-vraiment-eu-leurotarif\/"]}]},{"@type":"ImageObject","inLanguage":"fr-FR","@id":"https:\/\/www.saaswedo.com\/fr\/usages-et-couts-telecoms-des-entreprises-quel-impact-a-vraiment-eu-leurotarif\/#primaryimage","url":"https:\/\/www.saaswedo.com\/wp-content\/uploads\/2022\/11\/ChristianCor.jpg","contentUrl":"https:\/\/www.saaswedo.com\/wp-content\/uploads\/2022\/11\/ChristianCor.jpg","width":333,"height":500},{"@type":"BreadcrumbList","@id":"https:\/\/www.saaswedo.com\/fr\/usages-et-couts-telecoms-des-entreprises-quel-impact-a-vraiment-eu-leurotarif\/#breadcrumb","itemListElement":[{"@type":"ListItem","position":1,"name":"Accueil","item":"https:\/\/www.saaswedo.com\/fr\/"},{"@type":"ListItem","position":2,"name":"Usages et co\u00fbts t\u00e9l\u00e9coms des entreprises : quel impact a vraiment eu l\u2019Eurotarif ?"}]},{"@type":"WebSite","@id":"https:\/\/www.saaswedo.com\/fr\/#website","url":"https:\/\/www.saaswedo.com\/fr\/","name":"SAASWEDO - Sustainable Digital Workplace performance","description":"Depuis plus de 15 ans, Saaswedo d\u00e9livre aux entreprises des offres qui permettent de maitriser leur politique IT et t\u00e9l\u00e9com, de simplifier la gestion de leurs actifs et d\u2019optimiser leurs co\u00fbts.","publisher":{"@id":"https:\/\/www.saaswedo.com\/fr\/#organization"},"potentialAction":[{"@type":"SearchAction","target":{"@type":"EntryPoint","urlTemplate":"https:\/\/www.saaswedo.com\/fr\/?s={search_term_string}"},"query-input":{"@type":"PropertyValueSpecification","valueRequired":true,"valueName":"search_term_string"}}],"inLanguage":"fr-FR"},{"@type":"Organization","@id":"https:\/\/www.saaswedo.com\/fr\/#organization","name":"SAASWEDO","url":"https:\/\/www.saaswedo.com\/fr\/","logo":{"@type":"ImageObject","inLanguage":"fr-FR","@id":"https:\/\/www.saaswedo.com\/fr\/#\/schema\/logo\/image\/","url":"https:\/\/www.saaswedo.com\/wp-content\/uploads\/2022\/11\/cropped-saaswedo-profil_512-1.png","contentUrl":"https:\/\/www.saaswedo.com\/wp-content\/uploads\/2022\/11\/cropped-saaswedo-profil_512-1.png","width":512,"height":512,"caption":"SAASWEDO"},"image":{"@id":"https:\/\/www.saaswedo.com\/fr\/#\/schema\/logo\/image\/"},"sameAs":["https:\/\/www.linkedin.com\/company\/saaswedo\/?originalSubdomain=fr"]},{"@type":"Person","@id":"https:\/\/www.saaswedo.com\/fr\/#\/schema\/person\/924c38c0af74529437151641611830a7","name":"Charles Deplanque","image":{"@type":"ImageObject","inLanguage":"fr-FR","@id":"https:\/\/secure.gravatar.com\/avatar\/88a8a3468e6cbbb38e358a7032367c06610a88973f70044d432e6d49689f524d?s=96&d=mm&r=g","url":"https:\/\/secure.gravatar.com\/avatar\/88a8a3468e6cbbb38e358a7032367c06610a88973f70044d432e6d49689f524d?s=96&d=mm&r=g","contentUrl":"https:\/\/secure.gravatar.com\/avatar\/88a8a3468e6cbbb38e358a7032367c06610a88973f70044d432e6d49689f524d?s=96&d=mm&r=g","caption":"Charles Deplanque"}}]}},"_links":{"self":[{"href":"https:\/\/www.saaswedo.com\/fr\/wp-json\/wp\/v2\/posts\/35","targetHints":{"allow":["GET"]}}],"collection":[{"href":"https:\/\/www.saaswedo.com\/fr\/wp-json\/wp\/v2\/posts"}],"about":[{"href":"https:\/\/www.saaswedo.com\/fr\/wp-json\/wp\/v2\/types\/post"}],"author":[{"embeddable":true,"href":"https:\/\/www.saaswedo.com\/fr\/wp-json\/wp\/v2\/users\/2"}],"replies":[{"embeddable":true,"href":"https:\/\/www.saaswedo.com\/fr\/wp-json\/wp\/v2\/comments?post=35"}],"version-history":[{"count":2,"href":"https:\/\/www.saaswedo.com\/fr\/wp-json\/wp\/v2\/posts\/35\/revisions"}],"predecessor-version":[{"id":6903,"href":"https:\/\/www.saaswedo.com\/fr\/wp-json\/wp\/v2\/posts\/35\/revisions\/6903"}],"wp:featuredmedia":[{"embeddable":true,"href":"https:\/\/www.saaswedo.com\/fr\/wp-json\/wp\/v2\/media\/31"}],"wp:attachment":[{"href":"https:\/\/www.saaswedo.com\/fr\/wp-json\/wp\/v2\/media?parent=35"}],"wp:term":[{"taxonomy":"category","embeddable":true,"href":"https:\/\/www.saaswedo.com\/fr\/wp-json\/wp\/v2\/categories?post=35"},{"taxonomy":"post_tag","embeddable":true,"href":"https:\/\/www.saaswedo.com\/fr\/wp-json\/wp\/v2\/tags?post=35"}],"curies":[{"name":"wp","href":"https:\/\/api.w.org\/{rel}","templated":true}]}}