{"id":499,"date":"2021-02-16T10:03:01","date_gmt":"2021-02-16T09:03:01","guid":{"rendered":"https:\/\/www.saaswedo.com\/infogerer-les-assets-actifs-de-son-digital-workspace-une-priorite-pour-les-entreprises\/"},"modified":"2026-03-10T15:02:48","modified_gmt":"2026-03-10T14:02:48","slug":"priorite-infogerance-actifs-digital-workplace","status":"publish","type":"post","link":"https:\/\/www.saaswedo.com\/fr\/priorite-infogerance-actifs-digital-workplace\/","title":{"rendered":"Infog\u00e9rer les assets\/actifs de son Digital Workspace : une priorit\u00e9 pour les entreprises"},"content":{"rendered":"<p>Ces derni\u00e8res ann\u00e9es, les actions de digitalisation et de transformation du business et de l\u2019organisation des entreprises ont acc\u00e9l\u00e9r\u00e9 de mani\u00e8re ph\u00e9nom\u00e9nale. Dans ce contexte, des sommes cons\u00e9quentes sont mobilis\u00e9es. Dans cette mutation collective, force est de constater que l\u2019espace de travail change de visage pour se digitaliser et investir de nouveaux territoires : stations de travail, ordinateurs portables, tablettes, smartphone, etc. Le bureau d\u2019aujourd\u2019hui et de demain devient multiple et n\u00e9cessite d\u2019\u00eatre repens\u00e9 et organis\u00e9. L\u2019objectif \u00e9tant de s\u2019appuyer sur une organisation r\u00e9siliente, s\u00e9curis\u00e9e et \u00e9volutive en fonction de ses besoins.<\/p>\n<h6><strong>La transformation digitale\u00a0: pas uniquement une affaire de conception<\/strong><\/h6>\n<p>S\u2019il est \u00e9vident que la digitalisation de l\u2019espace de travail ne peut se concevoir sans une r\u00e9flexion de fond et des investissements importants pour constituer ce nouvel environnement\u00a0: hardware, software, contrats op\u00e9rateurs, etc., un pan du sujet est souvent d\u00e9laiss\u00e9 \u00e0 tort ou reste mal r\u00e9alis\u00e9. Il s\u2019agit de la notion de pilotage, d\u2019infog\u00e9rance et de gestion de cet environnement. En effet, apr\u00e8s la notion de \u00ab\u00a0Build\u00a0\u00bb, la probl\u00e9matique de \u00ab\u00a0Run\u00a0\u00bb s\u2019impose comme n\u00e9cessaire, voire vitale pour permettre \u00e0 l\u2019entreprise de capitaliser sur ses investissements. Oui, mais voil\u00e0, une telle mise en \u0153uvre ne s\u2019improvise pas et n\u00e9cessite de s\u2019appuyer sur une approche industrielle. Alors, comment faire\u00a0?<\/p>\n<h6><strong>D\u00e9ployer une task force pour s\u2019assurer du succ\u00e8s de son projet de digital workspace<\/strong><\/h6>\n<p>Sur ce point, nombre d\u2019entreprises tentent tant bien que mal de g\u00e9rer ce sujet en interne. Le probl\u00e8me est que ces projets n\u00e9cessitent de s\u2019appuyer sur des m\u00e9thodologies et expertises tr\u00e8s sp\u00e9cifiques. Rapidement, cette t\u00e2che devient alors complexe et le projet n\u2019est pas suivi, ce qui conduit \u00e0 son \u00e9chec. L\u2019entreprise ne doit donc pas se focaliser en interne sur ces \u00e9l\u00e9ments, mais plut\u00f4t se concentrer sur son m\u00e9tier. C\u2019est en ce sens que la notion d\u2019infog\u00e9rance des actifs\/assets son digital workspace est une n\u00e9cessit\u00e9.<\/p>\n","protected":false},"excerpt":{"rendered":"<p>Ces derni\u00e8res ann\u00e9es, les actions de digitalisation et de transformation du business et de l\u2019organisation des entreprises ont acc\u00e9l\u00e9r\u00e9 de mani\u00e8re ph\u00e9nom\u00e9nale. Dans ce contexte, des sommes cons\u00e9quentes sont mobilis\u00e9es. Dans cette mutation collective, force est de constater que l\u2019espace de travail change de visage pour se digitaliser et investir de nouveaux territoires : stations [&hellip;]<\/p>\n","protected":false},"author":1,"featured_media":500,"comment_status":"closed","ping_status":"open","sticky":false,"template":"","format":"standard","meta":{"inline_featured_image":false,"footnotes":""},"categories":[14],"tags":[],"class_list":["post-499","post","type-post","status-publish","format-standard","has-post-thumbnail","hentry","category-actualites","grve-entry-item","grve-blog-item"],"yoast_head":"<!-- This site is optimized with the Yoast SEO plugin v27.2 - https:\/\/yoast.com\/product\/yoast-seo-wordpress\/ -->\n<title>Infog\u00e9rer les assets\/actifs de son Digital Workspace : une priorit\u00e9 pour les entreprises - Saaswedo - Performance durable de la Digital Workplace<\/title>\n<meta name=\"robots\" content=\"index, follow, max-snippet:-1, max-image-preview:large, max-video-preview:-1\" \/>\n<link rel=\"canonical\" href=\"https:\/\/www.saaswedo.com\/fr\/priorite-infogerance-actifs-digital-workplace\/\" \/>\n<meta property=\"og:locale\" content=\"fr_FR\" \/>\n<meta property=\"og:type\" content=\"article\" \/>\n<meta property=\"og:title\" content=\"Infog\u00e9rer les assets\/actifs de son Digital Workspace : une priorit\u00e9 pour les entreprises - Saaswedo - Performance durable de la Digital Workplace\" \/>\n<meta property=\"og:description\" content=\"Ces derni\u00e8res ann\u00e9es, les actions de digitalisation et de transformation du business et de l\u2019organisation des entreprises ont acc\u00e9l\u00e9r\u00e9 de mani\u00e8re ph\u00e9nom\u00e9nale.\" \/>\n<meta property=\"og:url\" content=\"https:\/\/www.saaswedo.com\/fr\/priorite-infogerance-actifs-digital-workplace\/\" \/>\n<meta property=\"og:site_name\" content=\"SAASWEDO - Sustainable Digital Workplace performance\" \/>\n<meta property=\"article:published_time\" content=\"2021-02-16T09:03:01+00:00\" \/>\n<meta property=\"article:modified_time\" content=\"2026-03-10T14:02:48+00:00\" \/>\n<meta property=\"og:image\" content=\"https:\/\/www.saaswedo.com\/wp-content\/uploads\/2022\/11\/Portrait-Gilles3.png\" \/>\n\t<meta property=\"og:image:width\" content=\"480\" \/>\n\t<meta property=\"og:image:height\" content=\"280\" \/>\n\t<meta property=\"og:image:type\" content=\"image\/png\" \/>\n<meta name=\"author\" content=\"J-Michel\" \/>\n<meta name=\"twitter:card\" content=\"summary_large_image\" \/>\n<meta name=\"twitter:title\" content=\"Infog\u00e9rer les assets\/actifs de son Digital Workspace : une priorit\u00e9 pour les entreprises - Saaswedo - Performance durable de la Digital Workplace\" \/>\n<meta name=\"twitter:description\" content=\"Ces derni\u00e8res ann\u00e9es, les actions de digitalisation et de transformation du business et de l\u2019organisation des entreprises ont acc\u00e9l\u00e9r\u00e9 de mani\u00e8re ph\u00e9nom\u00e9nale.\" \/>\n<meta name=\"twitter:label1\" content=\"\u00c9crit par\" \/>\n\t<meta name=\"twitter:data1\" content=\"J-Michel\" \/>\n\t<meta name=\"twitter:label2\" content=\"Dur\u00e9e de lecture estim\u00e9e\" \/>\n\t<meta name=\"twitter:data2\" content=\"2 minutes\" \/>\n<script type=\"application\/ld+json\" class=\"yoast-schema-graph\">{\"@context\":\"https:\/\/schema.org\",\"@graph\":[{\"@type\":\"Article\",\"@id\":\"https:\/\/www.saaswedo.com\/fr\/priorite-infogerance-actifs-digital-workplace\/#article\",\"isPartOf\":{\"@id\":\"https:\/\/www.saaswedo.com\/fr\/priorite-infogerance-actifs-digital-workplace\/\"},\"author\":{\"name\":\"J-Michel\",\"@id\":\"https:\/\/www.saaswedo.com\/fr\/#\/schema\/person\/6cfa1d267975eee473f1cecc61fb5dcc\"},\"headline\":\"Infog\u00e9rer les assets\/actifs de son Digital Workspace : une priorit\u00e9 pour les entreprises\",\"datePublished\":\"2021-02-16T09:03:01+00:00\",\"dateModified\":\"2026-03-10T14:02:48+00:00\",\"mainEntityOfPage\":{\"@id\":\"https:\/\/www.saaswedo.com\/fr\/priorite-infogerance-actifs-digital-workplace\/\"},\"wordCount\":376,\"publisher\":{\"@id\":\"https:\/\/www.saaswedo.com\/fr\/#organization\"},\"image\":{\"@id\":\"https:\/\/www.saaswedo.com\/fr\/priorite-infogerance-actifs-digital-workplace\/#primaryimage\"},\"thumbnailUrl\":\"https:\/\/www.saaswedo.com\/wp-content\/uploads\/2022\/11\/Portrait-Gilles3.png\",\"articleSection\":[\"Actualit\u00e9s\"],\"inLanguage\":\"fr-FR\"},{\"@type\":\"WebPage\",\"@id\":\"https:\/\/www.saaswedo.com\/fr\/priorite-infogerance-actifs-digital-workplace\/\",\"url\":\"https:\/\/www.saaswedo.com\/fr\/priorite-infogerance-actifs-digital-workplace\/\",\"name\":\"Infog\u00e9rer les assets\/actifs de son Digital Workspace : une priorit\u00e9 pour les entreprises - Saaswedo - Performance durable de la Digital Workplace\",\"isPartOf\":{\"@id\":\"https:\/\/www.saaswedo.com\/fr\/#website\"},\"primaryImageOfPage\":{\"@id\":\"https:\/\/www.saaswedo.com\/fr\/priorite-infogerance-actifs-digital-workplace\/#primaryimage\"},\"image\":{\"@id\":\"https:\/\/www.saaswedo.com\/fr\/priorite-infogerance-actifs-digital-workplace\/#primaryimage\"},\"thumbnailUrl\":\"https:\/\/www.saaswedo.com\/wp-content\/uploads\/2022\/11\/Portrait-Gilles3.png\",\"datePublished\":\"2021-02-16T09:03:01+00:00\",\"dateModified\":\"2026-03-10T14:02:48+00:00\",\"breadcrumb\":{\"@id\":\"https:\/\/www.saaswedo.com\/fr\/priorite-infogerance-actifs-digital-workplace\/#breadcrumb\"},\"inLanguage\":\"fr-FR\",\"potentialAction\":[{\"@type\":\"ReadAction\",\"target\":[\"https:\/\/www.saaswedo.com\/fr\/priorite-infogerance-actifs-digital-workplace\/\"]}]},{\"@type\":\"ImageObject\",\"inLanguage\":\"fr-FR\",\"@id\":\"https:\/\/www.saaswedo.com\/fr\/priorite-infogerance-actifs-digital-workplace\/#primaryimage\",\"url\":\"https:\/\/www.saaswedo.com\/wp-content\/uploads\/2022\/11\/Portrait-Gilles3.png\",\"contentUrl\":\"https:\/\/www.saaswedo.com\/wp-content\/uploads\/2022\/11\/Portrait-Gilles3.png\",\"width\":480,\"height\":280},{\"@type\":\"BreadcrumbList\",\"@id\":\"https:\/\/www.saaswedo.com\/fr\/priorite-infogerance-actifs-digital-workplace\/#breadcrumb\",\"itemListElement\":[{\"@type\":\"ListItem\",\"position\":1,\"name\":\"Accueil\",\"item\":\"https:\/\/www.saaswedo.com\/fr\/\"},{\"@type\":\"ListItem\",\"position\":2,\"name\":\"Infog\u00e9rer les assets\/actifs de son Digital Workspace : une priorit\u00e9 pour les entreprises\"}]},{\"@type\":\"WebSite\",\"@id\":\"https:\/\/www.saaswedo.com\/fr\/#website\",\"url\":\"https:\/\/www.saaswedo.com\/fr\/\",\"name\":\"SAASWEDO - Sustainable Digital Workplace performance\",\"description\":\"Depuis plus de 15 ans, Saaswedo d\u00e9livre aux entreprises des offres qui permettent de maitriser leur politique IT et t\u00e9l\u00e9com, de simplifier la gestion de leurs actifs et d\u2019optimiser leurs co\u00fbts.\",\"publisher\":{\"@id\":\"https:\/\/www.saaswedo.com\/fr\/#organization\"},\"potentialAction\":[{\"@type\":\"SearchAction\",\"target\":{\"@type\":\"EntryPoint\",\"urlTemplate\":\"https:\/\/www.saaswedo.com\/fr\/?s={search_term_string}\"},\"query-input\":{\"@type\":\"PropertyValueSpecification\",\"valueRequired\":true,\"valueName\":\"search_term_string\"}}],\"inLanguage\":\"fr-FR\"},{\"@type\":\"Organization\",\"@id\":\"https:\/\/www.saaswedo.com\/fr\/#organization\",\"name\":\"SAASWEDO\",\"url\":\"https:\/\/www.saaswedo.com\/fr\/\",\"logo\":{\"@type\":\"ImageObject\",\"inLanguage\":\"fr-FR\",\"@id\":\"https:\/\/www.saaswedo.com\/fr\/#\/schema\/logo\/image\/\",\"url\":\"https:\/\/www.saaswedo.com\/wp-content\/uploads\/2022\/11\/cropped-saaswedo-profil_512-1.png\",\"contentUrl\":\"https:\/\/www.saaswedo.com\/wp-content\/uploads\/2022\/11\/cropped-saaswedo-profil_512-1.png\",\"width\":512,\"height\":512,\"caption\":\"SAASWEDO\"},\"image\":{\"@id\":\"https:\/\/www.saaswedo.com\/fr\/#\/schema\/logo\/image\/\"},\"sameAs\":[\"https:\/\/www.linkedin.com\/company\/saaswedo\/?originalSubdomain=fr\"]},{\"@type\":\"Person\",\"@id\":\"https:\/\/www.saaswedo.com\/fr\/#\/schema\/person\/6cfa1d267975eee473f1cecc61fb5dcc\",\"name\":\"J-Michel\",\"image\":{\"@type\":\"ImageObject\",\"inLanguage\":\"fr-FR\",\"@id\":\"https:\/\/secure.gravatar.com\/avatar\/8112561cfb89241ffe7ea765b7ec7b5ac1b9e4657aa6f87aec6721658152e18b?s=96&d=mm&r=g\",\"url\":\"https:\/\/secure.gravatar.com\/avatar\/8112561cfb89241ffe7ea765b7ec7b5ac1b9e4657aa6f87aec6721658152e18b?s=96&d=mm&r=g\",\"contentUrl\":\"https:\/\/secure.gravatar.com\/avatar\/8112561cfb89241ffe7ea765b7ec7b5ac1b9e4657aa6f87aec6721658152e18b?s=96&d=mm&r=g\",\"caption\":\"J-Michel\"},\"sameAs\":[\"https:\/\/www.saaswedo.com\"]}]}<\/script>\n<!-- \/ Yoast SEO plugin. -->","yoast_head_json":{"title":"Infog\u00e9rer les assets\/actifs de son Digital Workspace : une priorit\u00e9 pour les entreprises - Saaswedo - Performance durable de la Digital Workplace","robots":{"index":"index","follow":"follow","max-snippet":"max-snippet:-1","max-image-preview":"max-image-preview:large","max-video-preview":"max-video-preview:-1"},"canonical":"https:\/\/www.saaswedo.com\/fr\/priorite-infogerance-actifs-digital-workplace\/","og_locale":"fr_FR","og_type":"article","og_title":"Infog\u00e9rer les assets\/actifs de son Digital Workspace : une priorit\u00e9 pour les entreprises - Saaswedo - Performance durable de la Digital Workplace","og_description":"Ces derni\u00e8res ann\u00e9es, les actions de digitalisation et de transformation du business et de l\u2019organisation des entreprises ont acc\u00e9l\u00e9r\u00e9 de mani\u00e8re ph\u00e9nom\u00e9nale.","og_url":"https:\/\/www.saaswedo.com\/fr\/priorite-infogerance-actifs-digital-workplace\/","og_site_name":"SAASWEDO - Sustainable Digital Workplace performance","article_published_time":"2021-02-16T09:03:01+00:00","article_modified_time":"2026-03-10T14:02:48+00:00","og_image":[{"width":480,"height":280,"url":"https:\/\/www.saaswedo.com\/wp-content\/uploads\/2022\/11\/Portrait-Gilles3.png","type":"image\/png"}],"author":"J-Michel","twitter_card":"summary_large_image","twitter_title":"Infog\u00e9rer les assets\/actifs de son Digital Workspace : une priorit\u00e9 pour les entreprises - Saaswedo - Performance durable de la Digital Workplace","twitter_description":"Ces derni\u00e8res ann\u00e9es, les actions de digitalisation et de transformation du business et de l\u2019organisation des entreprises ont acc\u00e9l\u00e9r\u00e9 de mani\u00e8re ph\u00e9nom\u00e9nale.","twitter_misc":{"\u00c9crit par":"J-Michel","Dur\u00e9e de lecture estim\u00e9e":"2 minutes"},"schema":{"@context":"https:\/\/schema.org","@graph":[{"@type":"Article","@id":"https:\/\/www.saaswedo.com\/fr\/priorite-infogerance-actifs-digital-workplace\/#article","isPartOf":{"@id":"https:\/\/www.saaswedo.com\/fr\/priorite-infogerance-actifs-digital-workplace\/"},"author":{"name":"J-Michel","@id":"https:\/\/www.saaswedo.com\/fr\/#\/schema\/person\/6cfa1d267975eee473f1cecc61fb5dcc"},"headline":"Infog\u00e9rer les assets\/actifs de son Digital Workspace : une priorit\u00e9 pour les entreprises","datePublished":"2021-02-16T09:03:01+00:00","dateModified":"2026-03-10T14:02:48+00:00","mainEntityOfPage":{"@id":"https:\/\/www.saaswedo.com\/fr\/priorite-infogerance-actifs-digital-workplace\/"},"wordCount":376,"publisher":{"@id":"https:\/\/www.saaswedo.com\/fr\/#organization"},"image":{"@id":"https:\/\/www.saaswedo.com\/fr\/priorite-infogerance-actifs-digital-workplace\/#primaryimage"},"thumbnailUrl":"https:\/\/www.saaswedo.com\/wp-content\/uploads\/2022\/11\/Portrait-Gilles3.png","articleSection":["Actualit\u00e9s"],"inLanguage":"fr-FR"},{"@type":"WebPage","@id":"https:\/\/www.saaswedo.com\/fr\/priorite-infogerance-actifs-digital-workplace\/","url":"https:\/\/www.saaswedo.com\/fr\/priorite-infogerance-actifs-digital-workplace\/","name":"Infog\u00e9rer les assets\/actifs de son Digital Workspace : une priorit\u00e9 pour les entreprises - Saaswedo - Performance durable de la Digital Workplace","isPartOf":{"@id":"https:\/\/www.saaswedo.com\/fr\/#website"},"primaryImageOfPage":{"@id":"https:\/\/www.saaswedo.com\/fr\/priorite-infogerance-actifs-digital-workplace\/#primaryimage"},"image":{"@id":"https:\/\/www.saaswedo.com\/fr\/priorite-infogerance-actifs-digital-workplace\/#primaryimage"},"thumbnailUrl":"https:\/\/www.saaswedo.com\/wp-content\/uploads\/2022\/11\/Portrait-Gilles3.png","datePublished":"2021-02-16T09:03:01+00:00","dateModified":"2026-03-10T14:02:48+00:00","breadcrumb":{"@id":"https:\/\/www.saaswedo.com\/fr\/priorite-infogerance-actifs-digital-workplace\/#breadcrumb"},"inLanguage":"fr-FR","potentialAction":[{"@type":"ReadAction","target":["https:\/\/www.saaswedo.com\/fr\/priorite-infogerance-actifs-digital-workplace\/"]}]},{"@type":"ImageObject","inLanguage":"fr-FR","@id":"https:\/\/www.saaswedo.com\/fr\/priorite-infogerance-actifs-digital-workplace\/#primaryimage","url":"https:\/\/www.saaswedo.com\/wp-content\/uploads\/2022\/11\/Portrait-Gilles3.png","contentUrl":"https:\/\/www.saaswedo.com\/wp-content\/uploads\/2022\/11\/Portrait-Gilles3.png","width":480,"height":280},{"@type":"BreadcrumbList","@id":"https:\/\/www.saaswedo.com\/fr\/priorite-infogerance-actifs-digital-workplace\/#breadcrumb","itemListElement":[{"@type":"ListItem","position":1,"name":"Accueil","item":"https:\/\/www.saaswedo.com\/fr\/"},{"@type":"ListItem","position":2,"name":"Infog\u00e9rer les assets\/actifs de son Digital Workspace : une priorit\u00e9 pour les entreprises"}]},{"@type":"WebSite","@id":"https:\/\/www.saaswedo.com\/fr\/#website","url":"https:\/\/www.saaswedo.com\/fr\/","name":"SAASWEDO - Sustainable Digital Workplace performance","description":"Depuis plus de 15 ans, Saaswedo d\u00e9livre aux entreprises des offres qui permettent de maitriser leur politique IT et t\u00e9l\u00e9com, de simplifier la gestion de leurs actifs et d\u2019optimiser leurs co\u00fbts.","publisher":{"@id":"https:\/\/www.saaswedo.com\/fr\/#organization"},"potentialAction":[{"@type":"SearchAction","target":{"@type":"EntryPoint","urlTemplate":"https:\/\/www.saaswedo.com\/fr\/?s={search_term_string}"},"query-input":{"@type":"PropertyValueSpecification","valueRequired":true,"valueName":"search_term_string"}}],"inLanguage":"fr-FR"},{"@type":"Organization","@id":"https:\/\/www.saaswedo.com\/fr\/#organization","name":"SAASWEDO","url":"https:\/\/www.saaswedo.com\/fr\/","logo":{"@type":"ImageObject","inLanguage":"fr-FR","@id":"https:\/\/www.saaswedo.com\/fr\/#\/schema\/logo\/image\/","url":"https:\/\/www.saaswedo.com\/wp-content\/uploads\/2022\/11\/cropped-saaswedo-profil_512-1.png","contentUrl":"https:\/\/www.saaswedo.com\/wp-content\/uploads\/2022\/11\/cropped-saaswedo-profil_512-1.png","width":512,"height":512,"caption":"SAASWEDO"},"image":{"@id":"https:\/\/www.saaswedo.com\/fr\/#\/schema\/logo\/image\/"},"sameAs":["https:\/\/www.linkedin.com\/company\/saaswedo\/?originalSubdomain=fr"]},{"@type":"Person","@id":"https:\/\/www.saaswedo.com\/fr\/#\/schema\/person\/6cfa1d267975eee473f1cecc61fb5dcc","name":"J-Michel","image":{"@type":"ImageObject","inLanguage":"fr-FR","@id":"https:\/\/secure.gravatar.com\/avatar\/8112561cfb89241ffe7ea765b7ec7b5ac1b9e4657aa6f87aec6721658152e18b?s=96&d=mm&r=g","url":"https:\/\/secure.gravatar.com\/avatar\/8112561cfb89241ffe7ea765b7ec7b5ac1b9e4657aa6f87aec6721658152e18b?s=96&d=mm&r=g","contentUrl":"https:\/\/secure.gravatar.com\/avatar\/8112561cfb89241ffe7ea765b7ec7b5ac1b9e4657aa6f87aec6721658152e18b?s=96&d=mm&r=g","caption":"J-Michel"},"sameAs":["https:\/\/www.saaswedo.com"]}]}},"_links":{"self":[{"href":"https:\/\/www.saaswedo.com\/fr\/wp-json\/wp\/v2\/posts\/499","targetHints":{"allow":["GET"]}}],"collection":[{"href":"https:\/\/www.saaswedo.com\/fr\/wp-json\/wp\/v2\/posts"}],"about":[{"href":"https:\/\/www.saaswedo.com\/fr\/wp-json\/wp\/v2\/types\/post"}],"author":[{"embeddable":true,"href":"https:\/\/www.saaswedo.com\/fr\/wp-json\/wp\/v2\/users\/1"}],"replies":[{"embeddable":true,"href":"https:\/\/www.saaswedo.com\/fr\/wp-json\/wp\/v2\/comments?post=499"}],"version-history":[{"count":2,"href":"https:\/\/www.saaswedo.com\/fr\/wp-json\/wp\/v2\/posts\/499\/revisions"}],"predecessor-version":[{"id":6879,"href":"https:\/\/www.saaswedo.com\/fr\/wp-json\/wp\/v2\/posts\/499\/revisions\/6879"}],"wp:featuredmedia":[{"embeddable":true,"href":"https:\/\/www.saaswedo.com\/fr\/wp-json\/wp\/v2\/media\/500"}],"wp:attachment":[{"href":"https:\/\/www.saaswedo.com\/fr\/wp-json\/wp\/v2\/media?parent=499"}],"wp:term":[{"taxonomy":"category","embeddable":true,"href":"https:\/\/www.saaswedo.com\/fr\/wp-json\/wp\/v2\/categories?post=499"},{"taxonomy":"post_tag","embeddable":true,"href":"https:\/\/www.saaswedo.com\/fr\/wp-json\/wp\/v2\/tags?post=499"}],"curies":[{"name":"wp","href":"https:\/\/api.w.org\/{rel}","templated":true}]}}