{"id":513,"date":"2021-10-26T14:09:44","date_gmt":"2021-10-26T12:09:44","guid":{"rendered":"https:\/\/www.saaswedo.com\/gerer-la-fin-de-vie-des-equipements-it-une-action-vertueuse-a-de-nombreux-niveaux\/"},"modified":"2024-09-18T14:37:46","modified_gmt":"2024-09-18T12:37:46","slug":"gestion-fin-de-vie-equipements-it","status":"publish","type":"post","link":"https:\/\/www.saaswedo.com\/fr\/gestion-fin-de-vie-equipements-it\/","title":{"rendered":"G\u00e9rer la fin de vie des \u00e9quipements IT :  une action vertueuse \u00e0 de nombreux niveaux"},"content":{"rendered":"<p>L\u2019usage massif et croissant des outils digitaux dans notre quotidien am\u00e8ne les entreprises \u00e0 fournir de plus en plus de devices \u00e0 leurs collaborateurs, et notamment des solutions de mobilit\u00e9 comme les smartphones et les tablettes. Dans ce contexte, une question l\u00e9gitime se pose: comment g\u00e9rer le cycle de vie de ses terminaux mobiles et comment optimiser au mieux les temps d\u2019utilisation de ses devices ? Ces \u00e9l\u00e9ments occupent une place centrale au sein des r\u00e9flexions des&nbsp; entreprises au regard de l\u2019\u00e9volution des usages et de leur volont\u00e9 de r\u00e9duire leur empreinte carbone.<\/p>\n<p>La mont\u00e9e en puissance des politiques RSE<br \/>\nCette tendance en forte acc\u00e9l\u00e9ration int\u00e8gre notamment un volet centr\u00e9 sur le digital. En ce sens, la notion de recyclage et d\u2019utilisation vertueuse des \u00e9quipements num\u00e9riques est clairement expos\u00e9e. De fait, de nouvelles formes de gouvernance \u00e9mergent pour g\u00e9rer les flottes des \u00e9quipements. Pour autant, lancer un tel projet ne peut s\u2019improviser et n\u00e9cessite de s\u2019appuyer sur une approche structur\u00e9e. Cette d\u00e9marche doit \u00eatre mise en \u0153uvre tr\u00e8s en amont et plus exactement avant de r\u00e9aliser ses achats. En effet, seule une approche de bout en bout permettra de g\u00e9rer ses \u00e9quipements de mani\u00e8re optimis\u00e9e.<\/p>\n<p>Dans un premier temps, il est tout d\u2019abord utile d\u2019\u00e9valuer les besoins pr\u00e9cis des \u00e9quipes et de d\u00e9finir une dur\u00e9e d\u2019utilisation optimum des \u00e9quipements. Cette premi\u00e8re phase est fondamentale pour dessiner les contours de son projet. L\u2019entreprise pourra d\u2019ailleurs \u00e0 ce moment se poser la question d\u2019acqu\u00e9rir du mat\u00e9riel neuf ou reconditionn\u00e9 en fonction des besoins remont\u00e9s et des performances des \u00e9quipements souhait\u00e9s.<\/p>\n<p>Il faut ensuite faire \u00e9voluer les mentalit\u00e9s en positionnant la r\u00e9paration des devices comme une approche \u00e0 privil\u00e9gier plut\u00f4t que de simplement changer ses mobiles pour une simple probl\u00e9matique d\u2019\u00e9cran cass\u00e9. Cette prise de conscience permet alors de r\u00e9duire tr\u00e8s drastiquement son impact carbone et d\u2019\u00e9viter de changer trop rapidement et inutilement de mobile (notamment si ce dernier est encore r\u00e9cent et peut continuer de r\u00e9pondre aux attentes de ses utilisateurs).<\/p>\n<p>Enfin, lors du remplacement des devices, il sera alors n\u00e9cessaire de prendre les bonnes orientations pour s\u2019assurer que les portables soient repris pour \u00eatre recycl\u00e9s de mani\u00e8re responsable ou reconditionn\u00e9s pour \u00eatre r\u00e9introduits sur le march\u00e9, notamment au niveau des pays \u00e9mergents.<\/p>\n<p>\u00c0 travers ces diff\u00e9rents \u00e9l\u00e9ments, les entreprises pourront ainsi donner un vrai sens \u00e0 leur politique de RSE en agissant efficacement sur le volet de la gestion de la fin de vie de leurs \u00e9quipements. Lorsque l\u2019on connait l\u2019importance de ce sujet en mati\u00e8re d\u2019\u00e9cologie, il est donc urgent que chaque entreprise s\u2019inscrive dans cette dynamique vertueuse.<\/p>\n","protected":false},"excerpt":{"rendered":"<p>L\u2019usage massif et croissant des outils digitaux dans notre quotidien am\u00e8ne les entreprises \u00e0 fournir de plus en plus de devices \u00e0 leurs collaborateurs, et notamment des solutions de mobilit\u00e9 comme les smartphones et les tablettes. Dans ce contexte, une question l\u00e9gitime se pose: comment g\u00e9rer le cycle de vie de ses terminaux mobiles et [&hellip;]<\/p>\n","protected":false},"author":1,"featured_media":514,"comment_status":"closed","ping_status":"open","sticky":false,"template":"","format":"standard","meta":{"inline_featured_image":false,"footnotes":""},"categories":[14],"tags":[],"class_list":["post-513","post","type-post","status-publish","format-standard","has-post-thumbnail","hentry","category-actualites","grve-entry-item","grve-blog-item"],"yoast_head":"<!-- This site is optimized with the Yoast SEO plugin v27.2 - https:\/\/yoast.com\/product\/yoast-seo-wordpress\/ -->\n<title>G\u00e9rer la fin de vie des \u00e9quipements IT : une action vertueuse \u00e0 de nombreux niveaux - SAASWEDO - Sustainable Digital Workplace performance<\/title>\n<meta name=\"robots\" content=\"index, follow, max-snippet:-1, max-image-preview:large, max-video-preview:-1\" \/>\n<link rel=\"canonical\" href=\"https:\/\/www.saaswedo.com\/fr\/gestion-fin-de-vie-equipements-it\/\" \/>\n<meta property=\"og:locale\" content=\"fr_FR\" \/>\n<meta property=\"og:type\" content=\"article\" \/>\n<meta property=\"og:title\" content=\"G\u00e9rer la fin de vie des \u00e9quipements IT : une action vertueuse - Saaswedo - Performance durable de la Digital Workplace\" \/>\n<meta property=\"og:description\" content=\"L\u2019usage massif et croissant des outils digitaux dans notre quotidien am\u00e8ne les entreprises \u00e0 fournir de plus en plus de devices \u00e0 leurs collaborateurs.\" \/>\n<meta property=\"og:url\" content=\"https:\/\/www.saaswedo.com\/fr\/gestion-fin-de-vie-equipements-it\/\" \/>\n<meta property=\"og:site_name\" content=\"SAASWEDO - Sustainable Digital Workplace performance\" \/>\n<meta property=\"article:published_time\" content=\"2021-10-26T12:09:44+00:00\" \/>\n<meta property=\"article:modified_time\" content=\"2024-09-18T12:37:46+00:00\" \/>\n<meta property=\"og:image\" content=\"https:\/\/www.saaswedo.com\/wp-content\/uploads\/2022\/11\/pexels-energepiccom-288479-scaled-1.jpg\" \/>\n\t<meta property=\"og:image:width\" content=\"2560\" \/>\n\t<meta property=\"og:image:height\" content=\"1920\" \/>\n\t<meta property=\"og:image:type\" content=\"image\/jpeg\" \/>\n<meta name=\"author\" content=\"J-Michel\" \/>\n<meta name=\"twitter:card\" content=\"summary_large_image\" \/>\n<meta name=\"twitter:title\" content=\"G\u00e9rer la fin de vie des \u00e9quipements IT : une action vertueuse - Saaswedo - Performance durable de la Digital Workplace\" \/>\n<meta name=\"twitter:description\" content=\"L\u2019usage massif et croissant des outils digitaux dans notre quotidien am\u00e8ne les entreprises \u00e0 fournir de plus en plus de devices \u00e0 leurs collaborateurs.\" \/>\n<meta name=\"twitter:label1\" content=\"\u00c9crit par\" \/>\n\t<meta name=\"twitter:data1\" content=\"J-Michel\" \/>\n\t<meta name=\"twitter:label2\" content=\"Dur\u00e9e de lecture estim\u00e9e\" \/>\n\t<meta name=\"twitter:data2\" content=\"3 minutes\" \/>\n<script type=\"application\/ld+json\" class=\"yoast-schema-graph\">{\"@context\":\"https:\/\/schema.org\",\"@graph\":[{\"@type\":\"Article\",\"@id\":\"https:\/\/www.saaswedo.com\/fr\/gestion-fin-de-vie-equipements-it\/#article\",\"isPartOf\":{\"@id\":\"https:\/\/www.saaswedo.com\/fr\/gestion-fin-de-vie-equipements-it\/\"},\"author\":{\"name\":\"J-Michel\",\"@id\":\"https:\/\/www.saaswedo.com\/fr\/#\/schema\/person\/6cfa1d267975eee473f1cecc61fb5dcc\"},\"headline\":\"G\u00e9rer la fin de vie des \u00e9quipements IT : une action vertueuse \u00e0 de nombreux niveaux\",\"datePublished\":\"2021-10-26T12:09:44+00:00\",\"dateModified\":\"2024-09-18T12:37:46+00:00\",\"mainEntityOfPage\":{\"@id\":\"https:\/\/www.saaswedo.com\/fr\/gestion-fin-de-vie-equipements-it\/\"},\"wordCount\":502,\"publisher\":{\"@id\":\"https:\/\/www.saaswedo.com\/fr\/#organization\"},\"image\":{\"@id\":\"https:\/\/www.saaswedo.com\/fr\/gestion-fin-de-vie-equipements-it\/#primaryimage\"},\"thumbnailUrl\":\"https:\/\/www.saaswedo.com\/wp-content\/uploads\/2022\/11\/pexels-energepiccom-288479-scaled-1.jpg\",\"articleSection\":[\"Actualit\u00e9s\"],\"inLanguage\":\"fr-FR\"},{\"@type\":\"WebPage\",\"@id\":\"https:\/\/www.saaswedo.com\/fr\/gestion-fin-de-vie-equipements-it\/\",\"url\":\"https:\/\/www.saaswedo.com\/fr\/gestion-fin-de-vie-equipements-it\/\",\"name\":\"G\u00e9rer la fin de vie des \u00e9quipements IT : une action vertueuse \u00e0 de nombreux niveaux - SAASWEDO - Sustainable Digital Workplace performance\",\"isPartOf\":{\"@id\":\"https:\/\/www.saaswedo.com\/fr\/#website\"},\"primaryImageOfPage\":{\"@id\":\"https:\/\/www.saaswedo.com\/fr\/gestion-fin-de-vie-equipements-it\/#primaryimage\"},\"image\":{\"@id\":\"https:\/\/www.saaswedo.com\/fr\/gestion-fin-de-vie-equipements-it\/#primaryimage\"},\"thumbnailUrl\":\"https:\/\/www.saaswedo.com\/wp-content\/uploads\/2022\/11\/pexels-energepiccom-288479-scaled-1.jpg\",\"datePublished\":\"2021-10-26T12:09:44+00:00\",\"dateModified\":\"2024-09-18T12:37:46+00:00\",\"breadcrumb\":{\"@id\":\"https:\/\/www.saaswedo.com\/fr\/gestion-fin-de-vie-equipements-it\/#breadcrumb\"},\"inLanguage\":\"fr-FR\",\"potentialAction\":[{\"@type\":\"ReadAction\",\"target\":[\"https:\/\/www.saaswedo.com\/fr\/gestion-fin-de-vie-equipements-it\/\"]}]},{\"@type\":\"ImageObject\",\"inLanguage\":\"fr-FR\",\"@id\":\"https:\/\/www.saaswedo.com\/fr\/gestion-fin-de-vie-equipements-it\/#primaryimage\",\"url\":\"https:\/\/www.saaswedo.com\/wp-content\/uploads\/2022\/11\/pexels-energepiccom-288479-scaled-1.jpg\",\"contentUrl\":\"https:\/\/www.saaswedo.com\/wp-content\/uploads\/2022\/11\/pexels-energepiccom-288479-scaled-1.jpg\",\"width\":2560,\"height\":1920},{\"@type\":\"BreadcrumbList\",\"@id\":\"https:\/\/www.saaswedo.com\/fr\/gestion-fin-de-vie-equipements-it\/#breadcrumb\",\"itemListElement\":[{\"@type\":\"ListItem\",\"position\":1,\"name\":\"Accueil\",\"item\":\"https:\/\/www.saaswedo.com\/fr\/\"},{\"@type\":\"ListItem\",\"position\":2,\"name\":\"G\u00e9rer la fin de vie des \u00e9quipements IT : une action vertueuse \u00e0 de nombreux niveaux\"}]},{\"@type\":\"WebSite\",\"@id\":\"https:\/\/www.saaswedo.com\/fr\/#website\",\"url\":\"https:\/\/www.saaswedo.com\/fr\/\",\"name\":\"SAASWEDO - Sustainable Digital Workplace performance\",\"description\":\"Depuis plus de 15 ans, Saaswedo d\u00e9livre aux entreprises des offres qui permettent de maitriser leur politique IT et t\u00e9l\u00e9com, de simplifier la gestion de leurs actifs et d\u2019optimiser leurs co\u00fbts.\",\"publisher\":{\"@id\":\"https:\/\/www.saaswedo.com\/fr\/#organization\"},\"potentialAction\":[{\"@type\":\"SearchAction\",\"target\":{\"@type\":\"EntryPoint\",\"urlTemplate\":\"https:\/\/www.saaswedo.com\/fr\/?s={search_term_string}\"},\"query-input\":{\"@type\":\"PropertyValueSpecification\",\"valueRequired\":true,\"valueName\":\"search_term_string\"}}],\"inLanguage\":\"fr-FR\"},{\"@type\":\"Organization\",\"@id\":\"https:\/\/www.saaswedo.com\/fr\/#organization\",\"name\":\"SAASWEDO\",\"url\":\"https:\/\/www.saaswedo.com\/fr\/\",\"logo\":{\"@type\":\"ImageObject\",\"inLanguage\":\"fr-FR\",\"@id\":\"https:\/\/www.saaswedo.com\/fr\/#\/schema\/logo\/image\/\",\"url\":\"https:\/\/www.saaswedo.com\/wp-content\/uploads\/2022\/11\/cropped-saaswedo-profil_512-1.png\",\"contentUrl\":\"https:\/\/www.saaswedo.com\/wp-content\/uploads\/2022\/11\/cropped-saaswedo-profil_512-1.png\",\"width\":512,\"height\":512,\"caption\":\"SAASWEDO\"},\"image\":{\"@id\":\"https:\/\/www.saaswedo.com\/fr\/#\/schema\/logo\/image\/\"},\"sameAs\":[\"https:\/\/www.linkedin.com\/company\/saaswedo\/?originalSubdomain=fr\"]},{\"@type\":\"Person\",\"@id\":\"https:\/\/www.saaswedo.com\/fr\/#\/schema\/person\/6cfa1d267975eee473f1cecc61fb5dcc\",\"name\":\"J-Michel\",\"image\":{\"@type\":\"ImageObject\",\"inLanguage\":\"fr-FR\",\"@id\":\"https:\/\/secure.gravatar.com\/avatar\/8112561cfb89241ffe7ea765b7ec7b5ac1b9e4657aa6f87aec6721658152e18b?s=96&d=mm&r=g\",\"url\":\"https:\/\/secure.gravatar.com\/avatar\/8112561cfb89241ffe7ea765b7ec7b5ac1b9e4657aa6f87aec6721658152e18b?s=96&d=mm&r=g\",\"contentUrl\":\"https:\/\/secure.gravatar.com\/avatar\/8112561cfb89241ffe7ea765b7ec7b5ac1b9e4657aa6f87aec6721658152e18b?s=96&d=mm&r=g\",\"caption\":\"J-Michel\"},\"sameAs\":[\"https:\/\/www.saaswedo.com\"]}]}<\/script>\n<!-- \/ Yoast SEO plugin. -->","yoast_head_json":{"title":"G\u00e9rer la fin de vie des \u00e9quipements IT : une action vertueuse \u00e0 de nombreux niveaux - SAASWEDO - Sustainable Digital Workplace performance","robots":{"index":"index","follow":"follow","max-snippet":"max-snippet:-1","max-image-preview":"max-image-preview:large","max-video-preview":"max-video-preview:-1"},"canonical":"https:\/\/www.saaswedo.com\/fr\/gestion-fin-de-vie-equipements-it\/","og_locale":"fr_FR","og_type":"article","og_title":"G\u00e9rer la fin de vie des \u00e9quipements IT : une action vertueuse - Saaswedo - Performance durable de la Digital Workplace","og_description":"L\u2019usage massif et croissant des outils digitaux dans notre quotidien am\u00e8ne les entreprises \u00e0 fournir de plus en plus de devices \u00e0 leurs collaborateurs.","og_url":"https:\/\/www.saaswedo.com\/fr\/gestion-fin-de-vie-equipements-it\/","og_site_name":"SAASWEDO - Sustainable Digital Workplace performance","article_published_time":"2021-10-26T12:09:44+00:00","article_modified_time":"2024-09-18T12:37:46+00:00","og_image":[{"width":2560,"height":1920,"url":"https:\/\/www.saaswedo.com\/wp-content\/uploads\/2022\/11\/pexels-energepiccom-288479-scaled-1.jpg","type":"image\/jpeg"}],"author":"J-Michel","twitter_card":"summary_large_image","twitter_title":"G\u00e9rer la fin de vie des \u00e9quipements IT : une action vertueuse - Saaswedo - Performance durable de la Digital Workplace","twitter_description":"L\u2019usage massif et croissant des outils digitaux dans notre quotidien am\u00e8ne les entreprises \u00e0 fournir de plus en plus de devices \u00e0 leurs collaborateurs.","twitter_misc":{"\u00c9crit par":"J-Michel","Dur\u00e9e de lecture estim\u00e9e":"3 minutes"},"schema":{"@context":"https:\/\/schema.org","@graph":[{"@type":"Article","@id":"https:\/\/www.saaswedo.com\/fr\/gestion-fin-de-vie-equipements-it\/#article","isPartOf":{"@id":"https:\/\/www.saaswedo.com\/fr\/gestion-fin-de-vie-equipements-it\/"},"author":{"name":"J-Michel","@id":"https:\/\/www.saaswedo.com\/fr\/#\/schema\/person\/6cfa1d267975eee473f1cecc61fb5dcc"},"headline":"G\u00e9rer la fin de vie des \u00e9quipements IT : une action vertueuse \u00e0 de nombreux niveaux","datePublished":"2021-10-26T12:09:44+00:00","dateModified":"2024-09-18T12:37:46+00:00","mainEntityOfPage":{"@id":"https:\/\/www.saaswedo.com\/fr\/gestion-fin-de-vie-equipements-it\/"},"wordCount":502,"publisher":{"@id":"https:\/\/www.saaswedo.com\/fr\/#organization"},"image":{"@id":"https:\/\/www.saaswedo.com\/fr\/gestion-fin-de-vie-equipements-it\/#primaryimage"},"thumbnailUrl":"https:\/\/www.saaswedo.com\/wp-content\/uploads\/2022\/11\/pexels-energepiccom-288479-scaled-1.jpg","articleSection":["Actualit\u00e9s"],"inLanguage":"fr-FR"},{"@type":"WebPage","@id":"https:\/\/www.saaswedo.com\/fr\/gestion-fin-de-vie-equipements-it\/","url":"https:\/\/www.saaswedo.com\/fr\/gestion-fin-de-vie-equipements-it\/","name":"G\u00e9rer la fin de vie des \u00e9quipements IT : une action vertueuse \u00e0 de nombreux niveaux - SAASWEDO - Sustainable Digital Workplace performance","isPartOf":{"@id":"https:\/\/www.saaswedo.com\/fr\/#website"},"primaryImageOfPage":{"@id":"https:\/\/www.saaswedo.com\/fr\/gestion-fin-de-vie-equipements-it\/#primaryimage"},"image":{"@id":"https:\/\/www.saaswedo.com\/fr\/gestion-fin-de-vie-equipements-it\/#primaryimage"},"thumbnailUrl":"https:\/\/www.saaswedo.com\/wp-content\/uploads\/2022\/11\/pexels-energepiccom-288479-scaled-1.jpg","datePublished":"2021-10-26T12:09:44+00:00","dateModified":"2024-09-18T12:37:46+00:00","breadcrumb":{"@id":"https:\/\/www.saaswedo.com\/fr\/gestion-fin-de-vie-equipements-it\/#breadcrumb"},"inLanguage":"fr-FR","potentialAction":[{"@type":"ReadAction","target":["https:\/\/www.saaswedo.com\/fr\/gestion-fin-de-vie-equipements-it\/"]}]},{"@type":"ImageObject","inLanguage":"fr-FR","@id":"https:\/\/www.saaswedo.com\/fr\/gestion-fin-de-vie-equipements-it\/#primaryimage","url":"https:\/\/www.saaswedo.com\/wp-content\/uploads\/2022\/11\/pexels-energepiccom-288479-scaled-1.jpg","contentUrl":"https:\/\/www.saaswedo.com\/wp-content\/uploads\/2022\/11\/pexels-energepiccom-288479-scaled-1.jpg","width":2560,"height":1920},{"@type":"BreadcrumbList","@id":"https:\/\/www.saaswedo.com\/fr\/gestion-fin-de-vie-equipements-it\/#breadcrumb","itemListElement":[{"@type":"ListItem","position":1,"name":"Accueil","item":"https:\/\/www.saaswedo.com\/fr\/"},{"@type":"ListItem","position":2,"name":"G\u00e9rer la fin de vie des \u00e9quipements IT : une action vertueuse \u00e0 de nombreux niveaux"}]},{"@type":"WebSite","@id":"https:\/\/www.saaswedo.com\/fr\/#website","url":"https:\/\/www.saaswedo.com\/fr\/","name":"SAASWEDO - Sustainable Digital Workplace performance","description":"Depuis plus de 15 ans, Saaswedo d\u00e9livre aux entreprises des offres qui permettent de maitriser leur politique IT et t\u00e9l\u00e9com, de simplifier la gestion de leurs actifs et d\u2019optimiser leurs co\u00fbts.","publisher":{"@id":"https:\/\/www.saaswedo.com\/fr\/#organization"},"potentialAction":[{"@type":"SearchAction","target":{"@type":"EntryPoint","urlTemplate":"https:\/\/www.saaswedo.com\/fr\/?s={search_term_string}"},"query-input":{"@type":"PropertyValueSpecification","valueRequired":true,"valueName":"search_term_string"}}],"inLanguage":"fr-FR"},{"@type":"Organization","@id":"https:\/\/www.saaswedo.com\/fr\/#organization","name":"SAASWEDO","url":"https:\/\/www.saaswedo.com\/fr\/","logo":{"@type":"ImageObject","inLanguage":"fr-FR","@id":"https:\/\/www.saaswedo.com\/fr\/#\/schema\/logo\/image\/","url":"https:\/\/www.saaswedo.com\/wp-content\/uploads\/2022\/11\/cropped-saaswedo-profil_512-1.png","contentUrl":"https:\/\/www.saaswedo.com\/wp-content\/uploads\/2022\/11\/cropped-saaswedo-profil_512-1.png","width":512,"height":512,"caption":"SAASWEDO"},"image":{"@id":"https:\/\/www.saaswedo.com\/fr\/#\/schema\/logo\/image\/"},"sameAs":["https:\/\/www.linkedin.com\/company\/saaswedo\/?originalSubdomain=fr"]},{"@type":"Person","@id":"https:\/\/www.saaswedo.com\/fr\/#\/schema\/person\/6cfa1d267975eee473f1cecc61fb5dcc","name":"J-Michel","image":{"@type":"ImageObject","inLanguage":"fr-FR","@id":"https:\/\/secure.gravatar.com\/avatar\/8112561cfb89241ffe7ea765b7ec7b5ac1b9e4657aa6f87aec6721658152e18b?s=96&d=mm&r=g","url":"https:\/\/secure.gravatar.com\/avatar\/8112561cfb89241ffe7ea765b7ec7b5ac1b9e4657aa6f87aec6721658152e18b?s=96&d=mm&r=g","contentUrl":"https:\/\/secure.gravatar.com\/avatar\/8112561cfb89241ffe7ea765b7ec7b5ac1b9e4657aa6f87aec6721658152e18b?s=96&d=mm&r=g","caption":"J-Michel"},"sameAs":["https:\/\/www.saaswedo.com"]}]}},"_links":{"self":[{"href":"https:\/\/www.saaswedo.com\/fr\/wp-json\/wp\/v2\/posts\/513","targetHints":{"allow":["GET"]}}],"collection":[{"href":"https:\/\/www.saaswedo.com\/fr\/wp-json\/wp\/v2\/posts"}],"about":[{"href":"https:\/\/www.saaswedo.com\/fr\/wp-json\/wp\/v2\/types\/post"}],"author":[{"embeddable":true,"href":"https:\/\/www.saaswedo.com\/fr\/wp-json\/wp\/v2\/users\/1"}],"replies":[{"embeddable":true,"href":"https:\/\/www.saaswedo.com\/fr\/wp-json\/wp\/v2\/comments?post=513"}],"version-history":[{"count":1,"href":"https:\/\/www.saaswedo.com\/fr\/wp-json\/wp\/v2\/posts\/513\/revisions"}],"predecessor-version":[{"id":2717,"href":"https:\/\/www.saaswedo.com\/fr\/wp-json\/wp\/v2\/posts\/513\/revisions\/2717"}],"wp:featuredmedia":[{"embeddable":true,"href":"https:\/\/www.saaswedo.com\/fr\/wp-json\/wp\/v2\/media\/514"}],"wp:attachment":[{"href":"https:\/\/www.saaswedo.com\/fr\/wp-json\/wp\/v2\/media?parent=513"}],"wp:term":[{"taxonomy":"category","embeddable":true,"href":"https:\/\/www.saaswedo.com\/fr\/wp-json\/wp\/v2\/categories?post=513"},{"taxonomy":"post_tag","embeddable":true,"href":"https:\/\/www.saaswedo.com\/fr\/wp-json\/wp\/v2\/tags?post=513"}],"curies":[{"name":"wp","href":"https:\/\/api.w.org\/{rel}","templated":true}]}}