{"id":515,"date":"2022-05-17T13:45:05","date_gmt":"2022-05-17T11:45:05","guid":{"rendered":"https:\/\/www.saaswedo.com\/donner-une-seconde-vie-a-ses-equipements-digitaux-un-imperatif-societal\/"},"modified":"2026-03-10T11:14:23","modified_gmt":"2026-03-10T10:14:23","slug":"reconditionnement-equipements-digital-workplace","status":"publish","type":"post","link":"https:\/\/www.saaswedo.com\/fr\/reconditionnement-equipements-digital-workplace\/","title":{"rendered":"Donner une seconde vie \u00e0 ses \u00e9quipements digitaux : un imp\u00e9ratif soci\u00e9tal"},"content":{"rendered":"<p>Les sujets li\u00e9s \u00e0 la pr\u00e9servation de l\u2019environnement et \u00e0 la responsabilit\u00e9 soci\u00e9tale sont d\u00e9sormais centraux pour l\u2019ensemble des acteurs \u00e9conomiques. Ainsi, nos mod\u00e8les \u00e9voluent fortement pour passer d\u2019une \u00e9conomie dite lin\u00e9aire \u00e0 une \u00e9conomie circulaire. Ce concept est aujourd\u2019hui enfin une r\u00e9alit\u00e9 probante qui va nous animer \u00e0 long terme et faire \u00e9voluer les gouvernances des entreprises. Un premier pas a notamment \u00e9t\u00e9 franchi avec la mont\u00e9e en puissance des projets RSE qui incluent toute une dynamique pour \u00ab moraliser et raisonner \u00bb la croissance des entreprises. Sur ce point, un \u00e9l\u00e9ment semble aujourd\u2019hui occuper une place \u00e0 part au regard de ses impacts sur l\u2019environnement : le num\u00e9rique.<\/p>\n<p><strong>Limiter l\u2019empreinte carbone li\u00e9e au num\u00e9rique<\/strong><\/p>\n<p>Strat\u00e9gique dans le fonctionnement quotidien des entreprises et g\u00e9n\u00e9rateur de nombreux b\u00e9n\u00e9fices, le num\u00e9rique est pourtant \u00e0 l\u2019origine de d\u00e9g\u00e2ts environnementaux importants et en augmentation. En effet, l\u2019innovation est consommatrice de ressources et induit \u00e9galement de nombreux probl\u00e8mes en mati\u00e8re de recyclage.<\/p>\n<p>Par exemple, la fabrication d\u2019un ordinateur portable de 2 kg n\u00e9cessite des ressources consid\u00e9rables : 800kg de mati\u00e8res premi\u00e8res, 240kg de combustibles fossiles, 22kg de produit chimique, 1,5 tonnes d\u2019eau. C\u2019est \u00e9galement 330kg de CO2. Alors, comment faire pour associer d\u00e9veloppement \u00e9conomique et responsabilit\u00e9 ?<\/p>\n<p><strong>Investir sur la notion de seconde vie<\/strong><\/p>\n<p>Si le march\u00e9 de la deuxi\u00e8me vie commence aujourd\u2019hui \u00e0 devenir une tendance de consommation largement approuv\u00e9e par le grand public, elle reste encore trop embryonnaire dans les entreprises et les organisations publiques. En ce sens, il devient strat\u00e9gique de sensibiliser les professionnels sur la n\u00e9cessit\u00e9 absolue de ne pas avoir syst\u00e9matiquement un r\u00e9flexe d\u2019achat de neuf. C\u2019est notamment le cas pour le sujet des laptops par exemple et encore plus pour les t\u00e9l\u00e9phones mobiles et tablettes.<\/p>\n<p>Ainsi, d\u2019une part les entreprises pourront valoriser leurs anciens actifs en les revendant et acc\u00e9der \u00e0 des mat\u00e9riels de qualit\u00e9, reconditionn\u00e9s et \u00e0 moindre co\u00fbt. Une telle d\u00e9marche, au-del\u00e0 du c\u00f4t\u00e9 altruiste, est \u00e9galement riche de sens d&rsquo;un point de vue \u00e9conomique et peut repr\u00e9senter un bon pr\u00e9texte pour franchir le pas de la seconde main dans l\u2019industrie du num\u00e9rique.<\/p>\n<p>On notera d\u2019ailleurs \u00e0 ce sujet que toute une fili\u00e8re existe aujourd\u2019hui pour permettre aux entreprises de vendre, recycler, r\u00e9utiliser leurs \u00e9quipements ou acc\u00e9der \u00e0 d\u2019autres appareils reconditionn\u00e9s. Cette fili\u00e8re est \u00e9galement compos\u00e9e d\u2019un bon nombre, encore faible soit, d\u2019entreprises adapt\u00e9es qui ont une action importante sur l\u2019inclusion par le travail.<\/p>\n<p>Allonger la dur\u00e9e de vie et d\u2019utilisation des \u00e9quipements doit donc \u00eatre une donn\u00e9e cl\u00e9 des nouvelles gouvernances des entreprises. C\u2019est \u00e0 cette condition que ces derni\u00e8res pourront continuer \u00e0 grandir dans les meilleures conditions tout en r\u00e9duisant tr\u00e8s significativement leur empreinte sur l\u2019environnement.<\/p>\n<p>Par Gilles MEZARI, CEO de Tass<\/p>\n","protected":false},"excerpt":{"rendered":"<p>Les sujets li\u00e9s \u00e0 la pr\u00e9servation de l\u2019environnement et \u00e0 la responsabilit\u00e9 soci\u00e9tale sont d\u00e9sormais centraux pour l\u2019ensemble des acteurs \u00e9conomiques. Ainsi, nos mod\u00e8les \u00e9voluent fortement pour passer d\u2019une \u00e9conomie dite lin\u00e9aire \u00e0 une \u00e9conomie circulaire. Ce concept est aujourd\u2019hui enfin une r\u00e9alit\u00e9 probante qui va nous animer \u00e0 long terme et faire \u00e9voluer les [&hellip;]<\/p>\n","protected":false},"author":1,"featured_media":516,"comment_status":"closed","ping_status":"open","sticky":false,"template":"","format":"standard","meta":{"inline_featured_image":false,"footnotes":""},"categories":[14],"tags":[],"class_list":["post-515","post","type-post","status-publish","format-standard","has-post-thumbnail","hentry","category-actualites","grve-entry-item","grve-blog-item"],"yoast_head":"<!-- This site is optimized with the Yoast SEO plugin v27.2 - https:\/\/yoast.com\/product\/yoast-seo-wordpress\/ -->\n<title>Donner une seconde vie \u00e0 ses \u00e9quipements digitaux : un imp\u00e9ratif soci\u00e9tal - Saaswedo - Performance durable de la Digital Workplace<\/title>\n<meta name=\"description\" content=\"Les sujets li\u00e9s \u00e0 la pr\u00e9servation de l\u2019environnement et \u00e0 la responsabilit\u00e9 soci\u00e9tale sont d\u00e9sormais centraux pour l\u2019ensemble des acteurs \u00e9conomique\" \/>\n<meta name=\"robots\" content=\"index, follow, max-snippet:-1, max-image-preview:large, max-video-preview:-1\" \/>\n<link rel=\"canonical\" href=\"https:\/\/www.saaswedo.com\/fr\/reconditionnement-equipements-digital-workplace\/\" \/>\n<meta property=\"og:locale\" content=\"fr_FR\" \/>\n<meta property=\"og:type\" content=\"article\" \/>\n<meta property=\"og:title\" content=\"Seconde vie aux \u00e9quipements digitaux : un imp\u00e9ratif soci\u00e9tal - Saaswedo - Performance durable de la Digital Workplace\" \/>\n<meta property=\"og:description\" content=\"Les sujets li\u00e9s \u00e0 la pr\u00e9servation de l\u2019environnement et \u00e0 la responsabilit\u00e9 soci\u00e9tale sont d\u00e9sormais centraux pour l\u2019ensemble des acteurs \u00e9conomique\" \/>\n<meta property=\"og:url\" content=\"https:\/\/www.saaswedo.com\/fr\/reconditionnement-equipements-digital-workplace\/\" \/>\n<meta property=\"og:site_name\" content=\"SAASWEDO - Sustainable Digital Workplace performance\" \/>\n<meta property=\"article:published_time\" content=\"2022-05-17T11:45:05+00:00\" \/>\n<meta property=\"article:modified_time\" content=\"2026-03-10T10:14:23+00:00\" \/>\n<meta property=\"og:image\" content=\"https:\/\/www.saaswedo.com\/wp-content\/uploads\/2022\/11\/Donner-une-seconde-vie-a-ses-equipements-digitaux-un-imperatif-societal-scaled-1.jpg\" \/>\n\t<meta property=\"og:image:width\" content=\"2560\" \/>\n\t<meta property=\"og:image:height\" content=\"1459\" \/>\n\t<meta property=\"og:image:type\" content=\"image\/jpeg\" \/>\n<meta name=\"author\" content=\"J-Michel\" \/>\n<meta name=\"twitter:card\" content=\"summary_large_image\" \/>\n<meta name=\"twitter:title\" content=\"Seconde vie aux \u00e9quipements digitaux : un imp\u00e9ratif soci\u00e9tal - Saaswedo - Performance durable de la Digital Workplace\" \/>\n<meta name=\"twitter:description\" content=\"Les sujets li\u00e9s \u00e0 la pr\u00e9servation de l\u2019environnement et \u00e0 la responsabilit\u00e9 soci\u00e9tale sont d\u00e9sormais centraux pour l\u2019ensemble des acteurs \u00e9conomique\" \/>\n<meta name=\"twitter:label1\" content=\"\u00c9crit par\" \/>\n\t<meta name=\"twitter:data1\" content=\"J-Michel\" \/>\n\t<meta name=\"twitter:label2\" content=\"Dur\u00e9e de lecture estim\u00e9e\" \/>\n\t<meta name=\"twitter:data2\" content=\"3 minutes\" \/>\n<script type=\"application\/ld+json\" class=\"yoast-schema-graph\">{\"@context\":\"https:\/\/schema.org\",\"@graph\":[{\"@type\":\"Article\",\"@id\":\"https:\/\/www.saaswedo.com\/fr\/reconditionnement-equipements-digital-workplace\/#article\",\"isPartOf\":{\"@id\":\"https:\/\/www.saaswedo.com\/fr\/reconditionnement-equipements-digital-workplace\/\"},\"author\":{\"name\":\"J-Michel\",\"@id\":\"https:\/\/www.saaswedo.com\/fr\/#\/schema\/person\/6cfa1d267975eee473f1cecc61fb5dcc\"},\"headline\":\"Donner une seconde vie \u00e0 ses \u00e9quipements digitaux : un imp\u00e9ratif soci\u00e9tal\",\"datePublished\":\"2022-05-17T11:45:05+00:00\",\"dateModified\":\"2026-03-10T10:14:23+00:00\",\"mainEntityOfPage\":{\"@id\":\"https:\/\/www.saaswedo.com\/fr\/reconditionnement-equipements-digital-workplace\/\"},\"wordCount\":523,\"publisher\":{\"@id\":\"https:\/\/www.saaswedo.com\/fr\/#organization\"},\"image\":{\"@id\":\"https:\/\/www.saaswedo.com\/fr\/reconditionnement-equipements-digital-workplace\/#primaryimage\"},\"thumbnailUrl\":\"https:\/\/www.saaswedo.com\/wp-content\/uploads\/2022\/11\/Donner-une-seconde-vie-a-ses-equipements-digitaux-un-imperatif-societal-scaled-1.jpg\",\"articleSection\":[\"Actualit\u00e9s\"],\"inLanguage\":\"fr-FR\"},{\"@type\":\"WebPage\",\"@id\":\"https:\/\/www.saaswedo.com\/fr\/reconditionnement-equipements-digital-workplace\/\",\"url\":\"https:\/\/www.saaswedo.com\/fr\/reconditionnement-equipements-digital-workplace\/\",\"name\":\"Donner une seconde vie \u00e0 ses \u00e9quipements digitaux : un imp\u00e9ratif soci\u00e9tal - Saaswedo - Performance durable de la Digital Workplace\",\"isPartOf\":{\"@id\":\"https:\/\/www.saaswedo.com\/fr\/#website\"},\"primaryImageOfPage\":{\"@id\":\"https:\/\/www.saaswedo.com\/fr\/reconditionnement-equipements-digital-workplace\/#primaryimage\"},\"image\":{\"@id\":\"https:\/\/www.saaswedo.com\/fr\/reconditionnement-equipements-digital-workplace\/#primaryimage\"},\"thumbnailUrl\":\"https:\/\/www.saaswedo.com\/wp-content\/uploads\/2022\/11\/Donner-une-seconde-vie-a-ses-equipements-digitaux-un-imperatif-societal-scaled-1.jpg\",\"datePublished\":\"2022-05-17T11:45:05+00:00\",\"dateModified\":\"2026-03-10T10:14:23+00:00\",\"description\":\"Les sujets li\u00e9s \u00e0 la pr\u00e9servation de l\u2019environnement et \u00e0 la responsabilit\u00e9 soci\u00e9tale sont d\u00e9sormais centraux pour l\u2019ensemble des acteurs \u00e9conomique\",\"breadcrumb\":{\"@id\":\"https:\/\/www.saaswedo.com\/fr\/reconditionnement-equipements-digital-workplace\/#breadcrumb\"},\"inLanguage\":\"fr-FR\",\"potentialAction\":[{\"@type\":\"ReadAction\",\"target\":[\"https:\/\/www.saaswedo.com\/fr\/reconditionnement-equipements-digital-workplace\/\"]}]},{\"@type\":\"ImageObject\",\"inLanguage\":\"fr-FR\",\"@id\":\"https:\/\/www.saaswedo.com\/fr\/reconditionnement-equipements-digital-workplace\/#primaryimage\",\"url\":\"https:\/\/www.saaswedo.com\/wp-content\/uploads\/2022\/11\/Donner-une-seconde-vie-a-ses-equipements-digitaux-un-imperatif-societal-scaled-1.jpg\",\"contentUrl\":\"https:\/\/www.saaswedo.com\/wp-content\/uploads\/2022\/11\/Donner-une-seconde-vie-a-ses-equipements-digitaux-un-imperatif-societal-scaled-1.jpg\",\"width\":2560,\"height\":1459},{\"@type\":\"BreadcrumbList\",\"@id\":\"https:\/\/www.saaswedo.com\/fr\/reconditionnement-equipements-digital-workplace\/#breadcrumb\",\"itemListElement\":[{\"@type\":\"ListItem\",\"position\":1,\"name\":\"Accueil\",\"item\":\"https:\/\/www.saaswedo.com\/fr\/\"},{\"@type\":\"ListItem\",\"position\":2,\"name\":\"Donner une seconde vie \u00e0 ses \u00e9quipements digitaux : un imp\u00e9ratif soci\u00e9tal\"}]},{\"@type\":\"WebSite\",\"@id\":\"https:\/\/www.saaswedo.com\/fr\/#website\",\"url\":\"https:\/\/www.saaswedo.com\/fr\/\",\"name\":\"SAASWEDO - Sustainable Digital Workplace performance\",\"description\":\"Depuis plus de 15 ans, Saaswedo d\u00e9livre aux entreprises des offres qui permettent de maitriser leur politique IT et t\u00e9l\u00e9com, de simplifier la gestion de leurs actifs et d\u2019optimiser leurs co\u00fbts.\",\"publisher\":{\"@id\":\"https:\/\/www.saaswedo.com\/fr\/#organization\"},\"potentialAction\":[{\"@type\":\"SearchAction\",\"target\":{\"@type\":\"EntryPoint\",\"urlTemplate\":\"https:\/\/www.saaswedo.com\/fr\/?s={search_term_string}\"},\"query-input\":{\"@type\":\"PropertyValueSpecification\",\"valueRequired\":true,\"valueName\":\"search_term_string\"}}],\"inLanguage\":\"fr-FR\"},{\"@type\":\"Organization\",\"@id\":\"https:\/\/www.saaswedo.com\/fr\/#organization\",\"name\":\"SAASWEDO\",\"url\":\"https:\/\/www.saaswedo.com\/fr\/\",\"logo\":{\"@type\":\"ImageObject\",\"inLanguage\":\"fr-FR\",\"@id\":\"https:\/\/www.saaswedo.com\/fr\/#\/schema\/logo\/image\/\",\"url\":\"https:\/\/www.saaswedo.com\/wp-content\/uploads\/2022\/11\/cropped-saaswedo-profil_512-1.png\",\"contentUrl\":\"https:\/\/www.saaswedo.com\/wp-content\/uploads\/2022\/11\/cropped-saaswedo-profil_512-1.png\",\"width\":512,\"height\":512,\"caption\":\"SAASWEDO\"},\"image\":{\"@id\":\"https:\/\/www.saaswedo.com\/fr\/#\/schema\/logo\/image\/\"},\"sameAs\":[\"https:\/\/www.linkedin.com\/company\/saaswedo\/?originalSubdomain=fr\"]},{\"@type\":\"Person\",\"@id\":\"https:\/\/www.saaswedo.com\/fr\/#\/schema\/person\/6cfa1d267975eee473f1cecc61fb5dcc\",\"name\":\"J-Michel\",\"image\":{\"@type\":\"ImageObject\",\"inLanguage\":\"fr-FR\",\"@id\":\"https:\/\/secure.gravatar.com\/avatar\/8112561cfb89241ffe7ea765b7ec7b5ac1b9e4657aa6f87aec6721658152e18b?s=96&d=mm&r=g\",\"url\":\"https:\/\/secure.gravatar.com\/avatar\/8112561cfb89241ffe7ea765b7ec7b5ac1b9e4657aa6f87aec6721658152e18b?s=96&d=mm&r=g\",\"contentUrl\":\"https:\/\/secure.gravatar.com\/avatar\/8112561cfb89241ffe7ea765b7ec7b5ac1b9e4657aa6f87aec6721658152e18b?s=96&d=mm&r=g\",\"caption\":\"J-Michel\"},\"sameAs\":[\"https:\/\/www.saaswedo.com\"]}]}<\/script>\n<!-- \/ Yoast SEO plugin. -->","yoast_head_json":{"title":"Donner une seconde vie \u00e0 ses \u00e9quipements digitaux : un imp\u00e9ratif soci\u00e9tal - Saaswedo - Performance durable de la Digital Workplace","description":"Les sujets li\u00e9s \u00e0 la pr\u00e9servation de l\u2019environnement et \u00e0 la responsabilit\u00e9 soci\u00e9tale sont d\u00e9sormais centraux pour l\u2019ensemble des acteurs \u00e9conomique","robots":{"index":"index","follow":"follow","max-snippet":"max-snippet:-1","max-image-preview":"max-image-preview:large","max-video-preview":"max-video-preview:-1"},"canonical":"https:\/\/www.saaswedo.com\/fr\/reconditionnement-equipements-digital-workplace\/","og_locale":"fr_FR","og_type":"article","og_title":"Seconde vie aux \u00e9quipements digitaux : un imp\u00e9ratif soci\u00e9tal - Saaswedo - Performance durable de la Digital Workplace","og_description":"Les sujets li\u00e9s \u00e0 la pr\u00e9servation de l\u2019environnement et \u00e0 la responsabilit\u00e9 soci\u00e9tale sont d\u00e9sormais centraux pour l\u2019ensemble des acteurs \u00e9conomique","og_url":"https:\/\/www.saaswedo.com\/fr\/reconditionnement-equipements-digital-workplace\/","og_site_name":"SAASWEDO - Sustainable Digital Workplace performance","article_published_time":"2022-05-17T11:45:05+00:00","article_modified_time":"2026-03-10T10:14:23+00:00","og_image":[{"width":2560,"height":1459,"url":"https:\/\/www.saaswedo.com\/wp-content\/uploads\/2022\/11\/Donner-une-seconde-vie-a-ses-equipements-digitaux-un-imperatif-societal-scaled-1.jpg","type":"image\/jpeg"}],"author":"J-Michel","twitter_card":"summary_large_image","twitter_title":"Seconde vie aux \u00e9quipements digitaux : un imp\u00e9ratif soci\u00e9tal - Saaswedo - Performance durable de la Digital Workplace","twitter_description":"Les sujets li\u00e9s \u00e0 la pr\u00e9servation de l\u2019environnement et \u00e0 la responsabilit\u00e9 soci\u00e9tale sont d\u00e9sormais centraux pour l\u2019ensemble des acteurs \u00e9conomique","twitter_misc":{"\u00c9crit par":"J-Michel","Dur\u00e9e de lecture estim\u00e9e":"3 minutes"},"schema":{"@context":"https:\/\/schema.org","@graph":[{"@type":"Article","@id":"https:\/\/www.saaswedo.com\/fr\/reconditionnement-equipements-digital-workplace\/#article","isPartOf":{"@id":"https:\/\/www.saaswedo.com\/fr\/reconditionnement-equipements-digital-workplace\/"},"author":{"name":"J-Michel","@id":"https:\/\/www.saaswedo.com\/fr\/#\/schema\/person\/6cfa1d267975eee473f1cecc61fb5dcc"},"headline":"Donner une seconde vie \u00e0 ses \u00e9quipements digitaux : un imp\u00e9ratif soci\u00e9tal","datePublished":"2022-05-17T11:45:05+00:00","dateModified":"2026-03-10T10:14:23+00:00","mainEntityOfPage":{"@id":"https:\/\/www.saaswedo.com\/fr\/reconditionnement-equipements-digital-workplace\/"},"wordCount":523,"publisher":{"@id":"https:\/\/www.saaswedo.com\/fr\/#organization"},"image":{"@id":"https:\/\/www.saaswedo.com\/fr\/reconditionnement-equipements-digital-workplace\/#primaryimage"},"thumbnailUrl":"https:\/\/www.saaswedo.com\/wp-content\/uploads\/2022\/11\/Donner-une-seconde-vie-a-ses-equipements-digitaux-un-imperatif-societal-scaled-1.jpg","articleSection":["Actualit\u00e9s"],"inLanguage":"fr-FR"},{"@type":"WebPage","@id":"https:\/\/www.saaswedo.com\/fr\/reconditionnement-equipements-digital-workplace\/","url":"https:\/\/www.saaswedo.com\/fr\/reconditionnement-equipements-digital-workplace\/","name":"Donner une seconde vie \u00e0 ses \u00e9quipements digitaux : un imp\u00e9ratif soci\u00e9tal - Saaswedo - Performance durable de la Digital Workplace","isPartOf":{"@id":"https:\/\/www.saaswedo.com\/fr\/#website"},"primaryImageOfPage":{"@id":"https:\/\/www.saaswedo.com\/fr\/reconditionnement-equipements-digital-workplace\/#primaryimage"},"image":{"@id":"https:\/\/www.saaswedo.com\/fr\/reconditionnement-equipements-digital-workplace\/#primaryimage"},"thumbnailUrl":"https:\/\/www.saaswedo.com\/wp-content\/uploads\/2022\/11\/Donner-une-seconde-vie-a-ses-equipements-digitaux-un-imperatif-societal-scaled-1.jpg","datePublished":"2022-05-17T11:45:05+00:00","dateModified":"2026-03-10T10:14:23+00:00","description":"Les sujets li\u00e9s \u00e0 la pr\u00e9servation de l\u2019environnement et \u00e0 la responsabilit\u00e9 soci\u00e9tale sont d\u00e9sormais centraux pour l\u2019ensemble des acteurs \u00e9conomique","breadcrumb":{"@id":"https:\/\/www.saaswedo.com\/fr\/reconditionnement-equipements-digital-workplace\/#breadcrumb"},"inLanguage":"fr-FR","potentialAction":[{"@type":"ReadAction","target":["https:\/\/www.saaswedo.com\/fr\/reconditionnement-equipements-digital-workplace\/"]}]},{"@type":"ImageObject","inLanguage":"fr-FR","@id":"https:\/\/www.saaswedo.com\/fr\/reconditionnement-equipements-digital-workplace\/#primaryimage","url":"https:\/\/www.saaswedo.com\/wp-content\/uploads\/2022\/11\/Donner-une-seconde-vie-a-ses-equipements-digitaux-un-imperatif-societal-scaled-1.jpg","contentUrl":"https:\/\/www.saaswedo.com\/wp-content\/uploads\/2022\/11\/Donner-une-seconde-vie-a-ses-equipements-digitaux-un-imperatif-societal-scaled-1.jpg","width":2560,"height":1459},{"@type":"BreadcrumbList","@id":"https:\/\/www.saaswedo.com\/fr\/reconditionnement-equipements-digital-workplace\/#breadcrumb","itemListElement":[{"@type":"ListItem","position":1,"name":"Accueil","item":"https:\/\/www.saaswedo.com\/fr\/"},{"@type":"ListItem","position":2,"name":"Donner une seconde vie \u00e0 ses \u00e9quipements digitaux : un imp\u00e9ratif soci\u00e9tal"}]},{"@type":"WebSite","@id":"https:\/\/www.saaswedo.com\/fr\/#website","url":"https:\/\/www.saaswedo.com\/fr\/","name":"SAASWEDO - Sustainable Digital Workplace performance","description":"Depuis plus de 15 ans, Saaswedo d\u00e9livre aux entreprises des offres qui permettent de maitriser leur politique IT et t\u00e9l\u00e9com, de simplifier la gestion de leurs actifs et d\u2019optimiser leurs co\u00fbts.","publisher":{"@id":"https:\/\/www.saaswedo.com\/fr\/#organization"},"potentialAction":[{"@type":"SearchAction","target":{"@type":"EntryPoint","urlTemplate":"https:\/\/www.saaswedo.com\/fr\/?s={search_term_string}"},"query-input":{"@type":"PropertyValueSpecification","valueRequired":true,"valueName":"search_term_string"}}],"inLanguage":"fr-FR"},{"@type":"Organization","@id":"https:\/\/www.saaswedo.com\/fr\/#organization","name":"SAASWEDO","url":"https:\/\/www.saaswedo.com\/fr\/","logo":{"@type":"ImageObject","inLanguage":"fr-FR","@id":"https:\/\/www.saaswedo.com\/fr\/#\/schema\/logo\/image\/","url":"https:\/\/www.saaswedo.com\/wp-content\/uploads\/2022\/11\/cropped-saaswedo-profil_512-1.png","contentUrl":"https:\/\/www.saaswedo.com\/wp-content\/uploads\/2022\/11\/cropped-saaswedo-profil_512-1.png","width":512,"height":512,"caption":"SAASWEDO"},"image":{"@id":"https:\/\/www.saaswedo.com\/fr\/#\/schema\/logo\/image\/"},"sameAs":["https:\/\/www.linkedin.com\/company\/saaswedo\/?originalSubdomain=fr"]},{"@type":"Person","@id":"https:\/\/www.saaswedo.com\/fr\/#\/schema\/person\/6cfa1d267975eee473f1cecc61fb5dcc","name":"J-Michel","image":{"@type":"ImageObject","inLanguage":"fr-FR","@id":"https:\/\/secure.gravatar.com\/avatar\/8112561cfb89241ffe7ea765b7ec7b5ac1b9e4657aa6f87aec6721658152e18b?s=96&d=mm&r=g","url":"https:\/\/secure.gravatar.com\/avatar\/8112561cfb89241ffe7ea765b7ec7b5ac1b9e4657aa6f87aec6721658152e18b?s=96&d=mm&r=g","contentUrl":"https:\/\/secure.gravatar.com\/avatar\/8112561cfb89241ffe7ea765b7ec7b5ac1b9e4657aa6f87aec6721658152e18b?s=96&d=mm&r=g","caption":"J-Michel"},"sameAs":["https:\/\/www.saaswedo.com"]}]}},"_links":{"self":[{"href":"https:\/\/www.saaswedo.com\/fr\/wp-json\/wp\/v2\/posts\/515","targetHints":{"allow":["GET"]}}],"collection":[{"href":"https:\/\/www.saaswedo.com\/fr\/wp-json\/wp\/v2\/posts"}],"about":[{"href":"https:\/\/www.saaswedo.com\/fr\/wp-json\/wp\/v2\/types\/post"}],"author":[{"embeddable":true,"href":"https:\/\/www.saaswedo.com\/fr\/wp-json\/wp\/v2\/users\/1"}],"replies":[{"embeddable":true,"href":"https:\/\/www.saaswedo.com\/fr\/wp-json\/wp\/v2\/comments?post=515"}],"version-history":[{"count":2,"href":"https:\/\/www.saaswedo.com\/fr\/wp-json\/wp\/v2\/posts\/515\/revisions"}],"predecessor-version":[{"id":6853,"href":"https:\/\/www.saaswedo.com\/fr\/wp-json\/wp\/v2\/posts\/515\/revisions\/6853"}],"wp:featuredmedia":[{"embeddable":true,"href":"https:\/\/www.saaswedo.com\/fr\/wp-json\/wp\/v2\/media\/516"}],"wp:attachment":[{"href":"https:\/\/www.saaswedo.com\/fr\/wp-json\/wp\/v2\/media?parent=515"}],"wp:term":[{"taxonomy":"category","embeddable":true,"href":"https:\/\/www.saaswedo.com\/fr\/wp-json\/wp\/v2\/categories?post=515"},{"taxonomy":"post_tag","embeddable":true,"href":"https:\/\/www.saaswedo.com\/fr\/wp-json\/wp\/v2\/tags?post=515"}],"curies":[{"name":"wp","href":"https:\/\/api.w.org\/{rel}","templated":true}]}}