{"id":5249,"date":"2025-01-10T11:09:06","date_gmt":"2025-01-10T10:09:06","guid":{"rendered":"https:\/\/www.saaswedo.com\/?p=5249"},"modified":"2026-03-10T16:05:54","modified_gmt":"2026-03-10T15:05:54","slug":"quest-ce-que-la-gestion-de-cycle-de-vie-des-actifs-it","status":"publish","type":"post","link":"https:\/\/www.saaswedo.com\/fr\/quest-ce-que-la-gestion-de-cycle-de-vie-des-actifs-it\/","title":{"rendered":"Qu&rsquo;est-ce que la gestion de cycle de vie des actifs IT ?"},"content":{"rendered":"\n<h3 class=\"wp-block-heading\"><strong>R\u00e9sum\u00e9<\/strong><\/h3>\n\n\n\n<p>Notre \u00e9poque connait une augmentation sans pr\u00e9c\u00e9dent des usages data et des \u00e9quipements mobiles tels que les t\u00e9l\u00e9phones portables et les ordinateurs portables, devenant des outils indispensables pour les employ\u00e9s dans presque tous les secteurs. Ces appareils facilitent une mobilit\u00e9 et offrent une flexibilit\u00e9 accrue, permettant aux salari\u00e9s de travailler plus efficacement, que ce soit au bureau, \u00e0 domicile ou en d\u00e9placement. Cependant, cette prolif\u00e9ration des \u00e9quipements mobiles peut aussi poser des d\u00e9fis en termes de s\u00e9curit\u00e9 et de gestion des ressources.<\/p>\n\n\n\n<p>Pour ne pas perdre le contr\u00f4le de ces dispositifs essentiels, il devient imp\u00e9ratif pour les entreprises de centraliser la gestion de leurs \u00e9quipements. Cette gestion centralis\u00e9e permet non seulement d&rsquo;assurer la s\u00e9curit\u00e9 des donn\u00e9es d&rsquo;entreprise mais aussi d&rsquo;optimiser l&rsquo;utilisation des ressources, garantissant ainsi une productivit\u00e9 et une conformit\u00e9 continues \u00e0 travers les organisations.<\/p>\n\n\n\n<p>Pour limiter les co\u00fbts IT et pour r\u00e9duire les d\u00e9chets \u00e9lectroniques, les fournisseurs de services de gestion de cycle de vie des \u00e9quipements IT proposent \u00e9galement des solutions de suivi en temps r\u00e9el des stocks et de gestion de la fin de vie des \u00e9quipements, \u00e0 travers des solutions concr\u00e8tes tel que le recyclage ou le reconditionnement.<\/p>\n\n\n\n<p>Gr\u00e2ce \u00e0 une maintenance r\u00e9guli\u00e8re de la flotte IT et une allocation de ces ressources optimis\u00e9e, ces services prolongent la dur\u00e9e de vie des \u00e9quipements. Ils optimisent l\u2019efficacit\u00e9 et soutiennent les d\u00e9marches \u00e9co-responsables.<\/p>\n\n\n\n<h3 class=\"wp-block-heading\"><strong>D\u00e9finition de gestion de cycle de vie des \u00e9quipements IT<\/strong><\/h3>\n\n\n\n<p>Ce service comprend gestion des appareils mobiles depuis la phase d&rsquo;approvisionnement jusqu&rsquo;\u00e0 leur mise hors service. Ce processus garantit que tous les \u00e9quipements sont utilis\u00e9s efficacement, s\u00e9curis\u00e9s et conformes aux politiques IT de l\u2019entreprise tout au long de leur cycle de vie. Le processus comprend des \u00e9tapes telles que l\u2019acquisition, le param\u00e9trage, le d\u00e9ploiement, la gestion du SAV et des r\u00e9parations et le recyclage des \u00e9quipements ou leur destruction.<\/p>\n\n\n\n<h3 class=\"wp-block-heading\"><strong>Quels sont les services de la gestion de cycle de vie des \u00e9quipements IT ?&nbsp;<\/strong><\/h3>\n\n\n\n<h6 class=\"wp-block-heading\">1. Approvisionnement d\u2019\u00e9quipements IT<\/h6>\n\n\n\n<p>La premi\u00e8re \u00e9tape d\u2019un service de gestion de cycle de vie des \u00e9quipements IT est l\u2019approvisionnent. Il s\u2019av\u00e8re souvent complexe d\u2019acqu\u00e9rir les \u00e9quipements en nombre qui r\u00e9pondent aux besoins fonctionnels des entreprises par cat\u00e9gories de salari\u00e9s, aux contraintes financi\u00e8res et aux souhaits des collaborateurs. Ce service garantit que tous les appareils fournis sont disponibles en bonnes quantit\u00e9s enti\u00e8rement compatibles avec les syst\u00e8mes d&rsquo;exploitation existants, correspondent aux politiques IT en vigueurs.<\/p>\n\n\n\n<h6 class=\"wp-block-heading\">2. Gestion quotidienne des \u00e9quipements IT&nbsp;<\/h6>\n\n\n\n<p>La bonne gestion de cycle de vie des \u00e9quipements IT doit aussi maintenir un syst\u00e8me d&rsquo;inventaire robuste, garantissant un stock ad\u00e9quat d\u2019\u00e9quipements IT et la bonne allocation de ces \u00e9quipements dans l\u2019organisation du client. Il g\u00e8re \u00e0 la fois les appareils actifs en cours d&rsquo;utilisation, ceux en SAV et ceux de r\u00e9serve. Gr\u00e2ce \u00e0 des syst\u00e8mes de suivi d\u00e9taill\u00e9s, le fournisseur tient des registres pr\u00e9cis des quantit\u00e9s et des \u00e9tats des appareils stock\u00e9s.<\/p>\n\n\n\n<p>Ce syst\u00e8me permet d&rsquo;\u00e9viter les ruptures ou les stocks en exc\u00e8s, favorisant une meilleure affectation de ces ressources. En plus, le fournisseur peut anticiper la demande future en fonction de facteurs tels que l&rsquo;expansion de l&rsquo;entreprise et la fr\u00e9quence de remplacement d\u2019actifs IT. Gr\u00e2ce \u00e0 cette vision globale et d\u00e9taill\u00e9e de leur parc IT l\u2019entreprise peut aussi collecter facilement les \u00e9quipement IT appartenant \u00e0 des employ\u00e9s qui quittent l\u2019entreprise.<\/p>\n\n\n\n<h6 class=\"wp-block-heading\">3. Configuration, param\u00e9trage et reparation&nbsp;<\/h6>\n\n\n\n<p>Avant d&rsquo;\u00eatre d\u00e9ploy\u00e9s, les \u00e9quipements mobiles sont enti\u00e8rement configur\u00e9s avec toutes les applications n\u00e9cessaires, y compris les logiciels d&rsquo;entreprise, les outils de collaboration et tous les programmes requis pour le r\u00f4le sp\u00e9cifique de l\u2019employ\u00e9. Les actifs mobiles sont pr\u00e9d\u00e9finis avec les politiques de s\u00e9curit\u00e9 de l&rsquo;entreprise, telles que les communications crypt\u00e9es, l&rsquo;acc\u00e8s VPN et l&rsquo;authentification biom\u00e9trique pour une connexion s\u00e9curis\u00e9e.<\/p>\n\n\n\n<p>Chaque \u00e9quipement est personnalis\u00e9 avec des param\u00e8tres propres aux r\u00e8gles d\u00e9finies par l\u2019entreprise et \u00e0 l&rsquo;utilisateur, tels que les comptes de messagerie de l&rsquo;entreprise et l&rsquo;acc\u00e8s aux syst\u00e8mes internes ou aux logiciels sp\u00e9cifiques, \u2026<\/p>\n\n\n\n<p>Cela qui permet aux collaborateurs d&rsquo;utiliser leurs \u00e9quipements imm\u00e9diatement avec un temps d&rsquo;installation minimal. Lorsque des mises \u00e0 jour technologiques sont disponibles, le fournisseur peut g\u00e9rer \u00e0 distance les mises \u00e0 niveau pour s&rsquo;assurer que vos collaborateurs disposent des solutions les plus r\u00e9cents sans perturber leur productivit\u00e9.<\/p>\n\n\n\n<p>Si vous endommagez ou cassez votre appareil informatique, le service se charge des r\u00e9parations. Afin de minimiser les temps d&rsquo;arr\u00eat pour votre personnel, le centre vous fournira des \u00e9quipements IT temporaires.<\/p>\n\n\n\n<h6 class=\"wp-block-heading\">4. Gestion de la fin de vie<\/h6>\n\n\n\n<p>Les fournisseurs qui g\u00e8rent le cycle de vie des actifs IT collecte les \u00e9quipements obsol\u00e8tes pour les valoriser, les recycler ou les d\u00e9truire. Pour d\u00e9terminer la meilleure option, en conformit\u00e9 avec la politique IT d\u00e9finie, une \u00e9quipe d&rsquo;experts analyse l\u2019\u00e9tat des \u00e9quipements. S&rsquo;il n&rsquo;est pas possible de donner une seconde vie \u00e0 ces appareils, les fournisseurs de services se chargera de les faire d\u00e9truire et \u00e9mettront un certificat de destruction conforme aux engagement RSE. Toutes les donn\u00e9es de ces \u00e9quipements IT auront \u00e9t\u00e9 pr\u00e9alablement effac\u00e9es gr\u00e2ce \u00e0 des partenaires sp\u00e9cialis\u00e9s.<\/p>\n\n\n\n<h3 class=\"wp-block-heading\"><strong>Quels sont les avantages des services de gestion de cycle de vie des \u00e9quipements IT de dispositifs ?<\/strong>&nbsp;<\/h3>\n\n\n\n<p>Les services de gestion de cycle de vie des \u00e9quipements IT offrent de nombreux avantages d&rsquo;un point de vue financier, op\u00e9rationnel et environnemental.<\/p>\n\n\n\n<h6 class=\"wp-block-heading\">1. L\u2019optimisation du budget<\/h6>\n\n\n\n<p>La gestion du cycle de vie des appareils joue un r\u00f4le crucial en optimisant les processus d&rsquo;achat ; conduite d\u2019appel d\u2019offre, mise en concurrence des fournisseurs, leasing des \u00e9quipements mobiles et en assurant une utilisation optimale. En int\u00e9grant des strat\u00e9gies efficaces de gestion, de SAV et de r\u00e9paration les entreprises peuvent significativement r\u00e9duire la fr\u00e9quence \u00e0 laquelle les \u00e9quipements n\u00e9cessitent des remplacements. Le tout g\u00e9n\u00e8re des \u00e9conomies substantielles sur les co\u00fbts directs et indirects associ\u00e9s \u00e0 ces terminaux.<\/p>\n\n\n\n<p>En outre, cette gestion vertueuse permet \u00e9galement de prolonger la dur\u00e9e de vie des \u00e9quipements en place, en s&rsquo;assurant qu&rsquo;ils restent performants et adapt\u00e9s aux exigences \u00e9volutives de l&rsquo;entreprise. Cela aide \u00e0 cr\u00e9er un environnement technologique durable o\u00f9 les ressources sont utilis\u00e9es de mani\u00e8re optimale, contribuant \u00e0 une meilleure allocation du budget IT et \u00e0 un retour sur investissement am\u00e9lior\u00e9.<\/p>\n\n\n\n<h6 class=\"wp-block-heading\">2. Gestion simplifi\u00e9e des actifs IT&nbsp;<\/h6>\n\n\n\n<p>Les services de gestion de cycle de vie des \u00e9quipements IT se concentrent sur la supervision de l&rsquo;ensemble parc des appareils mobiles. Une gestion centralis\u00e9e du cycle de vie permet de suivre les actifs IT en temps r\u00e9el, de savoir comment sont allou\u00e9s vos \u00e9quipements dans votre organisation et de minimiser les risques de pertes ou les erreurs d&rsquo;affectations.<\/p>\n\n\n\n<p>Par cons\u00e9quent, les \u00e9quipements peuvent \u00eatre configur\u00e9s et d\u00e9ploy\u00e9s plus rapidement, permettant aux employ\u00e9s de commencer \u00e0 travailler sans d\u00e9lai. Le prestataire qui g\u00e8re le cycle de vie de vos actifs IT assure des mises \u00e0 jour r\u00e9guli\u00e8res et une maintenance pr\u00e9ventive de vos \u00e9quipements, garantissant leur bonne fonctionnalit\u00e9 et une durabilit\u00e9 optimale.<\/p>\n\n\n\n<h6 class=\"wp-block-heading\">3. S\u00e9curisation des terminaux<\/h6>\n\n\n\n<p>Le prestataire de gestion de cycle de vie des actifs IT garantit que tous les \u00e9quipements partagent les m\u00eames normes en mati\u00e8re de s\u00e9curit\u00e9. Il utilise des solutions de Mobile Device Management (MDM) et de gestion de la mobilit\u00e9 d&rsquo;entreprise (EMM) pour s\u00e9curiser les donn\u00e9es de l&rsquo;entreprise sur les appareils mobiles.<\/p>\n\n\n\n<p>Ces outils permettent d\u2019imposer des politiques de s\u00e9curit\u00e9 strictes, telles que le verrouillage des appareils, l&rsquo;effacement \u00e0 distance des donn\u00e9es sensibles et l&rsquo;application de mises \u00e0 jour de s\u00e9curit\u00e9 r\u00e9guli\u00e8res. Cela aide \u00e0 pr\u00e9venir les acc\u00e8s non autoris\u00e9s et les fuites de donn\u00e9es potentielles, assurant ainsi que les informations critiques sont prot\u00e9g\u00e9es en permanence.<\/p>\n\n\n\n<p>Les solutions EMM vont au-del\u00e0 de la gestion pure des appareils en int\u00e9grant la gestion des applications et des contenus. Cela permet aux entreprises de contr\u00f4ler non seulement les appareils eux-m\u00eames mais aussi les applications qui y sont install\u00e9es et la mani\u00e8re dont les donn\u00e9es d&rsquo;entreprise sont accessibles et utilis\u00e9es.<\/p>\n\n\n\n<p>En outre, les fonctionnalit\u00e9s de EMM facilitent l&rsquo;application de politiques de conformit\u00e9 \u00e0 l&rsquo;\u00e9chelle de l&rsquo;entreprise et assurent une approche holistique de la s\u00e9curit\u00e9 des donn\u00e9es, cruciale pour prot\u00e9ger les actifs num\u00e9riques de l&rsquo;entreprise contre les menaces externes et internes.<\/p>\n\n\n\n<h6 class=\"wp-block-heading\">4. R\u00e9duction de votre empreinte carbone<\/h6>\n\n\n\n<p>Une gestion vertueuse du stock d&rsquo;\u00e9quipement IT d&rsquo;une entreprise joue un r\u00f4le significatif dans la r\u00e9duction de son empreinte carbone. En optimisant le cycle de vie de chaque appareil, les entreprises r\u00e9duisent la n\u00e9cessit\u00e9 d&rsquo;en acheter de nouveaux et donc de produire de nouveaux \u00e9quipements. Cela a un impact direct sur la r\u00e9duction des \u00e9missions de CO2 associ\u00e9es \u00e0 la fabrication et au transport de ces biens.<\/p>\n\n\n\n<p>Concr\u00e8tement gr\u00e2ce \u00e0 des maintenances r\u00e9guli\u00e8res et des mises \u00e0 niveau logicielles, les entreprises limitent la quantit\u00e9 de d\u00e9chets \u00e9lectroniques et la demande en ressources naturelles. En outre, l&rsquo;adoption de politiques de r\u00e9utilisation et de recyclage permet de r\u00e9int\u00e9grer des composants et des mat\u00e9riaux dans le cycle de production, r\u00e9duisant ainsi les besoins en mati\u00e8res premi\u00e8res vierges et les impacts environnementaux li\u00e9s \u00e0 leur extraction et leur transformation.<\/p>\n\n\n\n<p>Ces strat\u00e9gies, favorisent une approche responsable et \u00e9cologique de la gestion des \u00e9quipements IT, aident non seulement \u00e0 prot\u00e9ger l&rsquo;environnement mais renforcent aussi l&rsquo;image de l&rsquo;entreprise en tant qu&rsquo;acteur engag\u00e9 dans le d\u00e9veloppement durable, ce qui peut, \u00e0 terme, se traduire par des avantages concurrentiels significatifs.<\/p>\n\n\n\n<h3 class=\"wp-block-heading\"><strong>Conclusion<\/strong><\/h3>\n\n\n\n<p>Les services de gestion de cycle de vie des \u00e9quipements IT offrent des avantages significatifs en termes d&rsquo;\u00e9conomies, d&rsquo;efficacit\u00e9 op\u00e9rationnelle et de d\u00e9veloppement durable. Ils garantissent que les \u00e9quipements sont s\u00e9curis\u00e9s, \u00e0 jour et int\u00e9gr\u00e9s de mani\u00e8re fluide \u00e0 vos syst\u00e8mes, am\u00e9liorant ainsi la productivit\u00e9 globale et minimisant les interruptions. Une approche proactive contribue \u00e9galement aux efforts de RSE de l&rsquo;entreprise, soutenant ses objectifs op\u00e9rationnels et environnementaux pour un succ\u00e8s \u00e0 long terme dans un monde num\u00e9rique et plus \u00e9cologique.<\/p>\n","protected":false},"excerpt":{"rendered":"<p>R\u00e9sum\u00e9 Notre \u00e9poque connait une augmentation sans pr\u00e9c\u00e9dent des usages data et des \u00e9quipements mobiles tels que les t\u00e9l\u00e9phones portables et les ordinateurs portables, devenant des outils indispensables pour les employ\u00e9s dans presque tous les secteurs. Ces appareils facilitent une mobilit\u00e9 et offrent une flexibilit\u00e9 accrue, permettant aux salari\u00e9s de travailler plus efficacement, que ce [&hellip;]<\/p>\n","protected":false},"author":2,"featured_media":5297,"comment_status":"closed","ping_status":"closed","sticky":false,"template":"","format":"standard","meta":{"inline_featured_image":false,"footnotes":""},"categories":[14],"tags":[],"class_list":["post-5249","post","type-post","status-publish","format-standard","has-post-thumbnail","hentry","category-actualites","grve-entry-item","grve-blog-item"],"yoast_head":"<!-- This site is optimized with the Yoast SEO plugin v27.2 - https:\/\/yoast.com\/product\/yoast-seo-wordpress\/ -->\n<title>Qu&#039;est-ce que la gestion de cycle de vie des actifs IT ? - SAASWEDO - Sustainable Digital Workplace performance<\/title>\n<meta name=\"description\" content=\"Prot\u00e9gez vos donn\u00e9es gr\u00e2ce \u00e0 une gestion centralis\u00e9e. R\u00e9duisez vos co\u00fbts et d\u00e9chets avec des solutions de recyclage et reconditionnement.\" \/>\n<meta name=\"robots\" content=\"index, follow, max-snippet:-1, max-image-preview:large, max-video-preview:-1\" \/>\n<link rel=\"canonical\" href=\"https:\/\/www.saaswedo.com\/fr\/quest-ce-que-la-gestion-de-cycle-de-vie-des-actifs-it\/\" \/>\n<meta property=\"og:locale\" content=\"fr_FR\" \/>\n<meta property=\"og:type\" content=\"article\" \/>\n<meta property=\"og:title\" content=\"Qu&#039;est-ce que la gestion de cycle de vie des actifs IT ? - SAASWEDO - Sustainable Digital Workplace performance\" \/>\n<meta property=\"og:description\" content=\"Prot\u00e9gez vos donn\u00e9es gr\u00e2ce \u00e0 une gestion centralis\u00e9e. R\u00e9duisez vos co\u00fbts et d\u00e9chets avec des solutions de recyclage et reconditionnement.\" \/>\n<meta property=\"og:url\" content=\"https:\/\/www.saaswedo.com\/fr\/quest-ce-que-la-gestion-de-cycle-de-vie-des-actifs-it\/\" \/>\n<meta property=\"og:site_name\" content=\"SAASWEDO - Sustainable Digital Workplace performance\" \/>\n<meta property=\"article:published_time\" content=\"2025-01-10T10:09:06+00:00\" \/>\n<meta property=\"article:modified_time\" content=\"2026-03-10T15:05:54+00:00\" \/>\n<meta property=\"og:image\" content=\"https:\/\/www.saaswedo.com\/wp-content\/uploads\/2025\/01\/pexels-tima-miroshnichenko-6755050-1-scaled.jpg\" \/>\n\t<meta property=\"og:image:width\" content=\"2297\" \/>\n\t<meta property=\"og:image:height\" content=\"2560\" \/>\n\t<meta property=\"og:image:type\" content=\"image\/jpeg\" \/>\n<meta name=\"author\" content=\"Charles Deplanque\" \/>\n<meta name=\"twitter:card\" content=\"summary_large_image\" \/>\n<meta name=\"twitter:label1\" content=\"\u00c9crit par\" \/>\n\t<meta name=\"twitter:data1\" content=\"Charles Deplanque\" \/>\n\t<meta name=\"twitter:label2\" content=\"Dur\u00e9e de lecture estim\u00e9e\" \/>\n\t<meta name=\"twitter:data2\" content=\"8 minutes\" \/>\n<script type=\"application\/ld+json\" class=\"yoast-schema-graph\">{\"@context\":\"https:\/\/schema.org\",\"@graph\":[{\"@type\":\"Article\",\"@id\":\"https:\/\/www.saaswedo.com\/fr\/quest-ce-que-la-gestion-de-cycle-de-vie-des-actifs-it\/#article\",\"isPartOf\":{\"@id\":\"https:\/\/www.saaswedo.com\/fr\/quest-ce-que-la-gestion-de-cycle-de-vie-des-actifs-it\/\"},\"author\":{\"name\":\"Charles Deplanque\",\"@id\":\"https:\/\/www.saaswedo.com\/fr\/#\/schema\/person\/924c38c0af74529437151641611830a7\"},\"headline\":\"Qu&rsquo;est-ce que la gestion de cycle de vie des actifs IT ?\",\"datePublished\":\"2025-01-10T10:09:06+00:00\",\"dateModified\":\"2026-03-10T15:05:54+00:00\",\"mainEntityOfPage\":{\"@id\":\"https:\/\/www.saaswedo.com\/fr\/quest-ce-que-la-gestion-de-cycle-de-vie-des-actifs-it\/\"},\"wordCount\":1825,\"publisher\":{\"@id\":\"https:\/\/www.saaswedo.com\/fr\/#organization\"},\"image\":{\"@id\":\"https:\/\/www.saaswedo.com\/fr\/quest-ce-que-la-gestion-de-cycle-de-vie-des-actifs-it\/#primaryimage\"},\"thumbnailUrl\":\"https:\/\/www.saaswedo.com\/wp-content\/uploads\/2025\/01\/pexels-tima-miroshnichenko-6755050-1-scaled.jpg\",\"articleSection\":[\"Actualit\u00e9s\"],\"inLanguage\":\"fr-FR\"},{\"@type\":\"WebPage\",\"@id\":\"https:\/\/www.saaswedo.com\/fr\/quest-ce-que-la-gestion-de-cycle-de-vie-des-actifs-it\/\",\"url\":\"https:\/\/www.saaswedo.com\/fr\/quest-ce-que-la-gestion-de-cycle-de-vie-des-actifs-it\/\",\"name\":\"Qu'est-ce que la gestion de cycle de vie des actifs IT ? - SAASWEDO - Sustainable Digital Workplace performance\",\"isPartOf\":{\"@id\":\"https:\/\/www.saaswedo.com\/fr\/#website\"},\"primaryImageOfPage\":{\"@id\":\"https:\/\/www.saaswedo.com\/fr\/quest-ce-que-la-gestion-de-cycle-de-vie-des-actifs-it\/#primaryimage\"},\"image\":{\"@id\":\"https:\/\/www.saaswedo.com\/fr\/quest-ce-que-la-gestion-de-cycle-de-vie-des-actifs-it\/#primaryimage\"},\"thumbnailUrl\":\"https:\/\/www.saaswedo.com\/wp-content\/uploads\/2025\/01\/pexels-tima-miroshnichenko-6755050-1-scaled.jpg\",\"datePublished\":\"2025-01-10T10:09:06+00:00\",\"dateModified\":\"2026-03-10T15:05:54+00:00\",\"description\":\"Prot\u00e9gez vos donn\u00e9es gr\u00e2ce \u00e0 une gestion centralis\u00e9e. R\u00e9duisez vos co\u00fbts et d\u00e9chets avec des solutions de recyclage et reconditionnement.\",\"breadcrumb\":{\"@id\":\"https:\/\/www.saaswedo.com\/fr\/quest-ce-que-la-gestion-de-cycle-de-vie-des-actifs-it\/#breadcrumb\"},\"inLanguage\":\"fr-FR\",\"potentialAction\":[{\"@type\":\"ReadAction\",\"target\":[\"https:\/\/www.saaswedo.com\/fr\/quest-ce-que-la-gestion-de-cycle-de-vie-des-actifs-it\/\"]}]},{\"@type\":\"ImageObject\",\"inLanguage\":\"fr-FR\",\"@id\":\"https:\/\/www.saaswedo.com\/fr\/quest-ce-que-la-gestion-de-cycle-de-vie-des-actifs-it\/#primaryimage\",\"url\":\"https:\/\/www.saaswedo.com\/wp-content\/uploads\/2025\/01\/pexels-tima-miroshnichenko-6755050-1-scaled.jpg\",\"contentUrl\":\"https:\/\/www.saaswedo.com\/wp-content\/uploads\/2025\/01\/pexels-tima-miroshnichenko-6755050-1-scaled.jpg\",\"width\":2297,\"height\":2560},{\"@type\":\"BreadcrumbList\",\"@id\":\"https:\/\/www.saaswedo.com\/fr\/quest-ce-que-la-gestion-de-cycle-de-vie-des-actifs-it\/#breadcrumb\",\"itemListElement\":[{\"@type\":\"ListItem\",\"position\":1,\"name\":\"Accueil\",\"item\":\"https:\/\/www.saaswedo.com\/fr\/\"},{\"@type\":\"ListItem\",\"position\":2,\"name\":\"Qu&#8217;est-ce que la gestion de cycle de vie des actifs IT ?\"}]},{\"@type\":\"WebSite\",\"@id\":\"https:\/\/www.saaswedo.com\/fr\/#website\",\"url\":\"https:\/\/www.saaswedo.com\/fr\/\",\"name\":\"SAASWEDO - Sustainable Digital Workplace performance\",\"description\":\"Depuis plus de 15 ans, Saaswedo d\u00e9livre aux entreprises des offres qui permettent de maitriser leur politique IT et t\u00e9l\u00e9com, de simplifier la gestion de leurs actifs et d\u2019optimiser leurs co\u00fbts.\",\"publisher\":{\"@id\":\"https:\/\/www.saaswedo.com\/fr\/#organization\"},\"potentialAction\":[{\"@type\":\"SearchAction\",\"target\":{\"@type\":\"EntryPoint\",\"urlTemplate\":\"https:\/\/www.saaswedo.com\/fr\/?s={search_term_string}\"},\"query-input\":{\"@type\":\"PropertyValueSpecification\",\"valueRequired\":true,\"valueName\":\"search_term_string\"}}],\"inLanguage\":\"fr-FR\"},{\"@type\":\"Organization\",\"@id\":\"https:\/\/www.saaswedo.com\/fr\/#organization\",\"name\":\"SAASWEDO\",\"url\":\"https:\/\/www.saaswedo.com\/fr\/\",\"logo\":{\"@type\":\"ImageObject\",\"inLanguage\":\"fr-FR\",\"@id\":\"https:\/\/www.saaswedo.com\/fr\/#\/schema\/logo\/image\/\",\"url\":\"https:\/\/www.saaswedo.com\/wp-content\/uploads\/2022\/11\/cropped-saaswedo-profil_512-1.png\",\"contentUrl\":\"https:\/\/www.saaswedo.com\/wp-content\/uploads\/2022\/11\/cropped-saaswedo-profil_512-1.png\",\"width\":512,\"height\":512,\"caption\":\"SAASWEDO\"},\"image\":{\"@id\":\"https:\/\/www.saaswedo.com\/fr\/#\/schema\/logo\/image\/\"},\"sameAs\":[\"https:\/\/www.linkedin.com\/company\/saaswedo\/?originalSubdomain=fr\"]},{\"@type\":\"Person\",\"@id\":\"https:\/\/www.saaswedo.com\/fr\/#\/schema\/person\/924c38c0af74529437151641611830a7\",\"name\":\"Charles Deplanque\",\"image\":{\"@type\":\"ImageObject\",\"inLanguage\":\"fr-FR\",\"@id\":\"https:\/\/secure.gravatar.com\/avatar\/88a8a3468e6cbbb38e358a7032367c06610a88973f70044d432e6d49689f524d?s=96&d=mm&r=g\",\"url\":\"https:\/\/secure.gravatar.com\/avatar\/88a8a3468e6cbbb38e358a7032367c06610a88973f70044d432e6d49689f524d?s=96&d=mm&r=g\",\"contentUrl\":\"https:\/\/secure.gravatar.com\/avatar\/88a8a3468e6cbbb38e358a7032367c06610a88973f70044d432e6d49689f524d?s=96&d=mm&r=g\",\"caption\":\"Charles Deplanque\"}}]}<\/script>\n<!-- \/ Yoast SEO plugin. -->","yoast_head_json":{"title":"Qu'est-ce que la gestion de cycle de vie des actifs IT ? - SAASWEDO - Sustainable Digital Workplace performance","description":"Prot\u00e9gez vos donn\u00e9es gr\u00e2ce \u00e0 une gestion centralis\u00e9e. R\u00e9duisez vos co\u00fbts et d\u00e9chets avec des solutions de recyclage et reconditionnement.","robots":{"index":"index","follow":"follow","max-snippet":"max-snippet:-1","max-image-preview":"max-image-preview:large","max-video-preview":"max-video-preview:-1"},"canonical":"https:\/\/www.saaswedo.com\/fr\/quest-ce-que-la-gestion-de-cycle-de-vie-des-actifs-it\/","og_locale":"fr_FR","og_type":"article","og_title":"Qu'est-ce que la gestion de cycle de vie des actifs IT ? - SAASWEDO - Sustainable Digital Workplace performance","og_description":"Prot\u00e9gez vos donn\u00e9es gr\u00e2ce \u00e0 une gestion centralis\u00e9e. R\u00e9duisez vos co\u00fbts et d\u00e9chets avec des solutions de recyclage et reconditionnement.","og_url":"https:\/\/www.saaswedo.com\/fr\/quest-ce-que-la-gestion-de-cycle-de-vie-des-actifs-it\/","og_site_name":"SAASWEDO - Sustainable Digital Workplace performance","article_published_time":"2025-01-10T10:09:06+00:00","article_modified_time":"2026-03-10T15:05:54+00:00","og_image":[{"width":2297,"height":2560,"url":"https:\/\/www.saaswedo.com\/wp-content\/uploads\/2025\/01\/pexels-tima-miroshnichenko-6755050-1-scaled.jpg","type":"image\/jpeg"}],"author":"Charles Deplanque","twitter_card":"summary_large_image","twitter_misc":{"\u00c9crit par":"Charles Deplanque","Dur\u00e9e de lecture estim\u00e9e":"8 minutes"},"schema":{"@context":"https:\/\/schema.org","@graph":[{"@type":"Article","@id":"https:\/\/www.saaswedo.com\/fr\/quest-ce-que-la-gestion-de-cycle-de-vie-des-actifs-it\/#article","isPartOf":{"@id":"https:\/\/www.saaswedo.com\/fr\/quest-ce-que-la-gestion-de-cycle-de-vie-des-actifs-it\/"},"author":{"name":"Charles Deplanque","@id":"https:\/\/www.saaswedo.com\/fr\/#\/schema\/person\/924c38c0af74529437151641611830a7"},"headline":"Qu&rsquo;est-ce que la gestion de cycle de vie des actifs IT ?","datePublished":"2025-01-10T10:09:06+00:00","dateModified":"2026-03-10T15:05:54+00:00","mainEntityOfPage":{"@id":"https:\/\/www.saaswedo.com\/fr\/quest-ce-que-la-gestion-de-cycle-de-vie-des-actifs-it\/"},"wordCount":1825,"publisher":{"@id":"https:\/\/www.saaswedo.com\/fr\/#organization"},"image":{"@id":"https:\/\/www.saaswedo.com\/fr\/quest-ce-que-la-gestion-de-cycle-de-vie-des-actifs-it\/#primaryimage"},"thumbnailUrl":"https:\/\/www.saaswedo.com\/wp-content\/uploads\/2025\/01\/pexels-tima-miroshnichenko-6755050-1-scaled.jpg","articleSection":["Actualit\u00e9s"],"inLanguage":"fr-FR"},{"@type":"WebPage","@id":"https:\/\/www.saaswedo.com\/fr\/quest-ce-que-la-gestion-de-cycle-de-vie-des-actifs-it\/","url":"https:\/\/www.saaswedo.com\/fr\/quest-ce-que-la-gestion-de-cycle-de-vie-des-actifs-it\/","name":"Qu'est-ce que la gestion de cycle de vie des actifs IT ? - SAASWEDO - Sustainable Digital Workplace performance","isPartOf":{"@id":"https:\/\/www.saaswedo.com\/fr\/#website"},"primaryImageOfPage":{"@id":"https:\/\/www.saaswedo.com\/fr\/quest-ce-que-la-gestion-de-cycle-de-vie-des-actifs-it\/#primaryimage"},"image":{"@id":"https:\/\/www.saaswedo.com\/fr\/quest-ce-que-la-gestion-de-cycle-de-vie-des-actifs-it\/#primaryimage"},"thumbnailUrl":"https:\/\/www.saaswedo.com\/wp-content\/uploads\/2025\/01\/pexels-tima-miroshnichenko-6755050-1-scaled.jpg","datePublished":"2025-01-10T10:09:06+00:00","dateModified":"2026-03-10T15:05:54+00:00","description":"Prot\u00e9gez vos donn\u00e9es gr\u00e2ce \u00e0 une gestion centralis\u00e9e. R\u00e9duisez vos co\u00fbts et d\u00e9chets avec des solutions de recyclage et reconditionnement.","breadcrumb":{"@id":"https:\/\/www.saaswedo.com\/fr\/quest-ce-que-la-gestion-de-cycle-de-vie-des-actifs-it\/#breadcrumb"},"inLanguage":"fr-FR","potentialAction":[{"@type":"ReadAction","target":["https:\/\/www.saaswedo.com\/fr\/quest-ce-que-la-gestion-de-cycle-de-vie-des-actifs-it\/"]}]},{"@type":"ImageObject","inLanguage":"fr-FR","@id":"https:\/\/www.saaswedo.com\/fr\/quest-ce-que-la-gestion-de-cycle-de-vie-des-actifs-it\/#primaryimage","url":"https:\/\/www.saaswedo.com\/wp-content\/uploads\/2025\/01\/pexels-tima-miroshnichenko-6755050-1-scaled.jpg","contentUrl":"https:\/\/www.saaswedo.com\/wp-content\/uploads\/2025\/01\/pexels-tima-miroshnichenko-6755050-1-scaled.jpg","width":2297,"height":2560},{"@type":"BreadcrumbList","@id":"https:\/\/www.saaswedo.com\/fr\/quest-ce-que-la-gestion-de-cycle-de-vie-des-actifs-it\/#breadcrumb","itemListElement":[{"@type":"ListItem","position":1,"name":"Accueil","item":"https:\/\/www.saaswedo.com\/fr\/"},{"@type":"ListItem","position":2,"name":"Qu&#8217;est-ce que la gestion de cycle de vie des actifs IT ?"}]},{"@type":"WebSite","@id":"https:\/\/www.saaswedo.com\/fr\/#website","url":"https:\/\/www.saaswedo.com\/fr\/","name":"SAASWEDO - Sustainable Digital Workplace performance","description":"Depuis plus de 15 ans, Saaswedo d\u00e9livre aux entreprises des offres qui permettent de maitriser leur politique IT et t\u00e9l\u00e9com, de simplifier la gestion de leurs actifs et d\u2019optimiser leurs co\u00fbts.","publisher":{"@id":"https:\/\/www.saaswedo.com\/fr\/#organization"},"potentialAction":[{"@type":"SearchAction","target":{"@type":"EntryPoint","urlTemplate":"https:\/\/www.saaswedo.com\/fr\/?s={search_term_string}"},"query-input":{"@type":"PropertyValueSpecification","valueRequired":true,"valueName":"search_term_string"}}],"inLanguage":"fr-FR"},{"@type":"Organization","@id":"https:\/\/www.saaswedo.com\/fr\/#organization","name":"SAASWEDO","url":"https:\/\/www.saaswedo.com\/fr\/","logo":{"@type":"ImageObject","inLanguage":"fr-FR","@id":"https:\/\/www.saaswedo.com\/fr\/#\/schema\/logo\/image\/","url":"https:\/\/www.saaswedo.com\/wp-content\/uploads\/2022\/11\/cropped-saaswedo-profil_512-1.png","contentUrl":"https:\/\/www.saaswedo.com\/wp-content\/uploads\/2022\/11\/cropped-saaswedo-profil_512-1.png","width":512,"height":512,"caption":"SAASWEDO"},"image":{"@id":"https:\/\/www.saaswedo.com\/fr\/#\/schema\/logo\/image\/"},"sameAs":["https:\/\/www.linkedin.com\/company\/saaswedo\/?originalSubdomain=fr"]},{"@type":"Person","@id":"https:\/\/www.saaswedo.com\/fr\/#\/schema\/person\/924c38c0af74529437151641611830a7","name":"Charles Deplanque","image":{"@type":"ImageObject","inLanguage":"fr-FR","@id":"https:\/\/secure.gravatar.com\/avatar\/88a8a3468e6cbbb38e358a7032367c06610a88973f70044d432e6d49689f524d?s=96&d=mm&r=g","url":"https:\/\/secure.gravatar.com\/avatar\/88a8a3468e6cbbb38e358a7032367c06610a88973f70044d432e6d49689f524d?s=96&d=mm&r=g","contentUrl":"https:\/\/secure.gravatar.com\/avatar\/88a8a3468e6cbbb38e358a7032367c06610a88973f70044d432e6d49689f524d?s=96&d=mm&r=g","caption":"Charles Deplanque"}}]}},"_links":{"self":[{"href":"https:\/\/www.saaswedo.com\/fr\/wp-json\/wp\/v2\/posts\/5249","targetHints":{"allow":["GET"]}}],"collection":[{"href":"https:\/\/www.saaswedo.com\/fr\/wp-json\/wp\/v2\/posts"}],"about":[{"href":"https:\/\/www.saaswedo.com\/fr\/wp-json\/wp\/v2\/types\/post"}],"author":[{"embeddable":true,"href":"https:\/\/www.saaswedo.com\/fr\/wp-json\/wp\/v2\/users\/2"}],"replies":[{"embeddable":true,"href":"https:\/\/www.saaswedo.com\/fr\/wp-json\/wp\/v2\/comments?post=5249"}],"version-history":[{"count":37,"href":"https:\/\/www.saaswedo.com\/fr\/wp-json\/wp\/v2\/posts\/5249\/revisions"}],"predecessor-version":[{"id":6913,"href":"https:\/\/www.saaswedo.com\/fr\/wp-json\/wp\/v2\/posts\/5249\/revisions\/6913"}],"wp:featuredmedia":[{"embeddable":true,"href":"https:\/\/www.saaswedo.com\/fr\/wp-json\/wp\/v2\/media\/5297"}],"wp:attachment":[{"href":"https:\/\/www.saaswedo.com\/fr\/wp-json\/wp\/v2\/media?parent=5249"}],"wp:term":[{"taxonomy":"category","embeddable":true,"href":"https:\/\/www.saaswedo.com\/fr\/wp-json\/wp\/v2\/categories?post=5249"},{"taxonomy":"post_tag","embeddable":true,"href":"https:\/\/www.saaswedo.com\/fr\/wp-json\/wp\/v2\/tags?post=5249"}],"curies":[{"name":"wp","href":"https:\/\/api.w.org\/{rel}","templated":true}]}}