{"id":5861,"date":"2025-09-03T09:14:43","date_gmt":"2025-09-03T07:14:43","guid":{"rendered":"https:\/\/www.saaswedo.com\/?p=5861"},"modified":"2026-03-10T10:41:51","modified_gmt":"2026-03-10T09:41:51","slug":"gestion-de-la-telephonie-mobile-en-entreprise-et-si-on-centralisait","status":"publish","type":"post","link":"https:\/\/www.saaswedo.com\/fr\/gestion-de-la-telephonie-mobile-en-entreprise-et-si-on-centralisait\/","title":{"rendered":"Gestion de la flotte mobile en entreprise : et si on centralisait ?\u00a0"},"content":{"rendered":"\n<h3 class=\"wp-block-heading\">&nbsp;<br><strong>Une gestion de la flotte mobile morcel\u00e9e, source de complexit\u00e9<\/strong>&nbsp;<\/h3>\n\n\n\n<p>Dans de nombreuses organisations, la gestion de la flotte mobile repose sur un patchwork d\u2019outils : MDM, tableaux Excel, mails, portails op\u00e9rateurs, solutions maison. Chacun g\u00e8re une brique : l\u2019IT les \u00e9quipements, les achats les commandes, les RH les affectations.&nbsp;&nbsp;<\/p>\n\n\n\n<p>R\u00e9sultat : de nombreux risques sur la coordination, sur les d\u00e9lais, sur les enjeux de s\u00e9curit\u00e9. Dans un contexte de pilotage efficace de la digital workplace, l\u2019enjeux d\u2019une vision globale de gestion de la t\u00e9l\u00e9phonie mobile est un objectif prioritaire.<\/p>\n\n\n\n<h3 class=\"wp-block-heading\"><strong>Les risques d\u2019une gestion de la flotte mobile \u00e9clat\u00e9e<\/strong>&nbsp;<\/h3>\n\n\n\n<p>Sans expertise et sans solution unifi\u00e9e ni gouvernance claire, chaque op\u00e9ration (commande, affectation, SAV, perte, vol, casse, d\u00e9part d\u2019un salari\u00e9) est un processus manuel, parfois incomplet, souvent non trac\u00e9. Les co\u00fbts risquent de s\u2019accumuler, les \u00e9quipements peuvent s\u2019\u00e9garer, les donn\u00e9es de l\u2019entreprise deviennent vuln\u00e9rables et les d\u00e9lais de gestion s\u2019envolent.&nbsp;<\/p>\n\n\n\n<h3 class=\"wp-block-heading\"><strong>Repenser la t\u00e9l\u00e9phonie comme un actif strat\u00e9gique<\/strong>&nbsp;<\/h3>\n\n\n\n<p>Pour gagner en s\u00e9r\u00e9nit\u00e9, les entreprises doivent :&nbsp;<\/p>\n\n\n\n<ul class=\"wp-block-list\">\n<li>Cartographier pr\u00e9cis\u00e9ment les usages et les \u00e9quipements&nbsp;<\/li>\n\n\n\n<li>Centraliser la gestion des inventaires et des processus dans une interface&nbsp;<\/li>\n\n\n\n<li>Automatiser les t\u00e2ches r\u00e9p\u00e9titives et standardiser les flux&nbsp;<\/li>\n\n\n\n<li>Mettre en place une gouvernance claire, pilot\u00e9e par des KPI&nbsp;<\/li>\n\n\n\n<li>Int\u00e9grer les enjeux de s\u00e9curit\u00e9 d\u00e8s la conception des processus&nbsp;<\/li>\n<\/ul>\n\n\n\n<h3 class=\"wp-block-heading\"><strong>L\u2019expertise Saaswedo : de la plateforme \u00e0 la gouvernance<\/strong><\/h3>\n\n\n\n<p><a href=\"https:\/\/www.saaswedo.com\/fr\/\" target=\"_blank\" rel=\"noreferrer noopener\">Saaswedo<\/a> va au-del\u00e0 de la simple fourniture d\u2019outils. Son approche repose sur une m\u00e9thodologie \u00e9prouv\u00e9e et sur une \u00e9quipe d\u2019experts multidisciplinaire. Cette structure combine plateforme, gestion multi-fournisseurs, assistance utilisateurs, et coordination terrain. L\u2019objectif : permettre \u00e0 chaque client de piloter sa flotte comme un actif strat\u00e9gique, s\u00e9curis\u00e9 et ma\u00eetris\u00e9.\u00a0<\/p>\n\n\n\n<h3 class=\"wp-block-heading\"><strong>Structurer durablement<\/strong>&nbsp;<\/h3>\n\n\n\n<p>La t\u00e9l\u00e9phonie mobile n\u2019est plus un sujet secondaire. Elle touche \u00e0 la productivit\u00e9, \u00e0 la s\u00e9curit\u00e9 et \u00e0 l\u2019image de l\u2019entreprise. Se doter d\u2019un pilotage global, outill\u00e9 et gouvern\u00e9, devient une n\u00e9cessit\u00e9 incontournable.&nbsp;<\/p>\n\n\n\n<p>\u27a1\ufe0f Contactez nos \u00e9quipes pour structurer durablement la gestion de votre flotte mobile et gagner en efficacit\u00e9 op\u00e9rationnelle.&nbsp;<\/p>\n","protected":false},"excerpt":{"rendered":"<p>Cet article traite le sujet de la gestion de la flotte mobile en entreprise<\/p>\n","protected":false},"author":2,"featured_media":5784,"comment_status":"closed","ping_status":"closed","sticky":false,"template":"","format":"standard","meta":{"inline_featured_image":false,"footnotes":""},"categories":[14],"tags":[],"class_list":["post-5861","post","type-post","status-publish","format-standard","has-post-thumbnail","hentry","category-actualites","grve-entry-item","grve-blog-item"],"yoast_head":"<!-- This site is optimized with the Yoast SEO plugin v27.2 - https:\/\/yoast.com\/product\/yoast-seo-wordpress\/ -->\n<title>Gestion de la flotte mobile en entreprise : et si on centralisait ?\u00a0<\/title>\n<meta name=\"description\" content=\"La t\u00e9l\u00e9phonie mobile influence la productivit\u00e9, la s\u00e9curit\u00e9 et l\u2019image de marque, faisant de la gestion centralis\u00e9e un imp\u00e9ratif.\" \/>\n<meta name=\"robots\" content=\"index, follow, max-snippet:-1, max-image-preview:large, max-video-preview:-1\" \/>\n<link rel=\"canonical\" href=\"https:\/\/www.saaswedo.com\/fr\/gestion-de-la-telephonie-mobile-en-entreprise-et-si-on-centralisait\/\" \/>\n<meta property=\"og:locale\" content=\"fr_FR\" \/>\n<meta property=\"og:type\" content=\"article\" \/>\n<meta property=\"og:title\" content=\"Gestion de la flotte mobile en entreprise : et si on centralisait ?\u00a0\" \/>\n<meta property=\"og:description\" content=\"La t\u00e9l\u00e9phonie mobile influence la productivit\u00e9, la s\u00e9curit\u00e9 et l\u2019image de marque, faisant de la gestion centralis\u00e9e un imp\u00e9ratif.\" \/>\n<meta property=\"og:url\" content=\"https:\/\/www.saaswedo.com\/fr\/gestion-de-la-telephonie-mobile-en-entreprise-et-si-on-centralisait\/\" \/>\n<meta property=\"og:site_name\" content=\"SAASWEDO - Sustainable Digital Workplace performance\" \/>\n<meta property=\"article:published_time\" content=\"2025-09-03T07:14:43+00:00\" \/>\n<meta property=\"article:modified_time\" content=\"2026-03-10T09:41:51+00:00\" \/>\n<meta property=\"og:image\" content=\"https:\/\/www.saaswedo.com\/wp-content\/uploads\/2025\/08\/old-iphone-in-drawer.jpeg\" \/>\n\t<meta property=\"og:image:width\" content=\"644\" \/>\n\t<meta property=\"og:image:height\" content=\"386\" \/>\n\t<meta property=\"og:image:type\" content=\"image\/jpeg\" \/>\n<meta name=\"author\" content=\"Charles Deplanque\" \/>\n<meta name=\"twitter:card\" content=\"summary_large_image\" \/>\n<meta name=\"twitter:label1\" content=\"\u00c9crit par\" \/>\n\t<meta name=\"twitter:data1\" content=\"Charles Deplanque\" \/>\n\t<meta name=\"twitter:label2\" content=\"Dur\u00e9e de lecture estim\u00e9e\" \/>\n\t<meta name=\"twitter:data2\" content=\"2 minutes\" \/>\n<script type=\"application\/ld+json\" class=\"yoast-schema-graph\">{\"@context\":\"https:\/\/schema.org\",\"@graph\":[{\"@type\":\"Article\",\"@id\":\"https:\/\/www.saaswedo.com\/fr\/gestion-de-la-telephonie-mobile-en-entreprise-et-si-on-centralisait\/#article\",\"isPartOf\":{\"@id\":\"https:\/\/www.saaswedo.com\/fr\/gestion-de-la-telephonie-mobile-en-entreprise-et-si-on-centralisait\/\"},\"author\":{\"name\":\"Charles Deplanque\",\"@id\":\"https:\/\/www.saaswedo.com\/fr\/#\/schema\/person\/924c38c0af74529437151641611830a7\"},\"headline\":\"Gestion de la flotte mobile en entreprise : et si on centralisait ?\u00a0\",\"datePublished\":\"2025-09-03T07:14:43+00:00\",\"dateModified\":\"2026-03-10T09:41:51+00:00\",\"mainEntityOfPage\":{\"@id\":\"https:\/\/www.saaswedo.com\/fr\/gestion-de-la-telephonie-mobile-en-entreprise-et-si-on-centralisait\/\"},\"wordCount\":394,\"publisher\":{\"@id\":\"https:\/\/www.saaswedo.com\/fr\/#organization\"},\"image\":{\"@id\":\"https:\/\/www.saaswedo.com\/fr\/gestion-de-la-telephonie-mobile-en-entreprise-et-si-on-centralisait\/#primaryimage\"},\"thumbnailUrl\":\"https:\/\/www.saaswedo.com\/wp-content\/uploads\/2025\/08\/old-iphone-in-drawer.jpeg\",\"articleSection\":[\"Actualit\u00e9s\"],\"inLanguage\":\"fr-FR\"},{\"@type\":\"WebPage\",\"@id\":\"https:\/\/www.saaswedo.com\/fr\/gestion-de-la-telephonie-mobile-en-entreprise-et-si-on-centralisait\/\",\"url\":\"https:\/\/www.saaswedo.com\/fr\/gestion-de-la-telephonie-mobile-en-entreprise-et-si-on-centralisait\/\",\"name\":\"Gestion de la flotte mobile en entreprise : et si on centralisait ?\u00a0\",\"isPartOf\":{\"@id\":\"https:\/\/www.saaswedo.com\/fr\/#website\"},\"primaryImageOfPage\":{\"@id\":\"https:\/\/www.saaswedo.com\/fr\/gestion-de-la-telephonie-mobile-en-entreprise-et-si-on-centralisait\/#primaryimage\"},\"image\":{\"@id\":\"https:\/\/www.saaswedo.com\/fr\/gestion-de-la-telephonie-mobile-en-entreprise-et-si-on-centralisait\/#primaryimage\"},\"thumbnailUrl\":\"https:\/\/www.saaswedo.com\/wp-content\/uploads\/2025\/08\/old-iphone-in-drawer.jpeg\",\"datePublished\":\"2025-09-03T07:14:43+00:00\",\"dateModified\":\"2026-03-10T09:41:51+00:00\",\"description\":\"La t\u00e9l\u00e9phonie mobile influence la productivit\u00e9, la s\u00e9curit\u00e9 et l\u2019image de marque, faisant de la gestion centralis\u00e9e un imp\u00e9ratif.\",\"breadcrumb\":{\"@id\":\"https:\/\/www.saaswedo.com\/fr\/gestion-de-la-telephonie-mobile-en-entreprise-et-si-on-centralisait\/#breadcrumb\"},\"inLanguage\":\"fr-FR\",\"potentialAction\":[{\"@type\":\"ReadAction\",\"target\":[\"https:\/\/www.saaswedo.com\/fr\/gestion-de-la-telephonie-mobile-en-entreprise-et-si-on-centralisait\/\"]}]},{\"@type\":\"ImageObject\",\"inLanguage\":\"fr-FR\",\"@id\":\"https:\/\/www.saaswedo.com\/fr\/gestion-de-la-telephonie-mobile-en-entreprise-et-si-on-centralisait\/#primaryimage\",\"url\":\"https:\/\/www.saaswedo.com\/wp-content\/uploads\/2025\/08\/old-iphone-in-drawer.jpeg\",\"contentUrl\":\"https:\/\/www.saaswedo.com\/wp-content\/uploads\/2025\/08\/old-iphone-in-drawer.jpeg\",\"width\":644,\"height\":386,\"caption\":\"gestion de la flotte mobile\"},{\"@type\":\"BreadcrumbList\",\"@id\":\"https:\/\/www.saaswedo.com\/fr\/gestion-de-la-telephonie-mobile-en-entreprise-et-si-on-centralisait\/#breadcrumb\",\"itemListElement\":[{\"@type\":\"ListItem\",\"position\":1,\"name\":\"Accueil\",\"item\":\"https:\/\/www.saaswedo.com\/fr\/\"},{\"@type\":\"ListItem\",\"position\":2,\"name\":\"Gestion de la flotte mobile en entreprise : et si on centralisait ?\u00a0\"}]},{\"@type\":\"WebSite\",\"@id\":\"https:\/\/www.saaswedo.com\/fr\/#website\",\"url\":\"https:\/\/www.saaswedo.com\/fr\/\",\"name\":\"SAASWEDO - Sustainable Digital Workplace performance\",\"description\":\"Depuis plus de 15 ans, Saaswedo d\u00e9livre aux entreprises des offres qui permettent de maitriser leur politique IT et t\u00e9l\u00e9com, de simplifier la gestion de leurs actifs et d\u2019optimiser leurs co\u00fbts.\",\"publisher\":{\"@id\":\"https:\/\/www.saaswedo.com\/fr\/#organization\"},\"potentialAction\":[{\"@type\":\"SearchAction\",\"target\":{\"@type\":\"EntryPoint\",\"urlTemplate\":\"https:\/\/www.saaswedo.com\/fr\/?s={search_term_string}\"},\"query-input\":{\"@type\":\"PropertyValueSpecification\",\"valueRequired\":true,\"valueName\":\"search_term_string\"}}],\"inLanguage\":\"fr-FR\"},{\"@type\":\"Organization\",\"@id\":\"https:\/\/www.saaswedo.com\/fr\/#organization\",\"name\":\"SAASWEDO\",\"url\":\"https:\/\/www.saaswedo.com\/fr\/\",\"logo\":{\"@type\":\"ImageObject\",\"inLanguage\":\"fr-FR\",\"@id\":\"https:\/\/www.saaswedo.com\/fr\/#\/schema\/logo\/image\/\",\"url\":\"https:\/\/www.saaswedo.com\/wp-content\/uploads\/2022\/11\/cropped-saaswedo-profil_512-1.png\",\"contentUrl\":\"https:\/\/www.saaswedo.com\/wp-content\/uploads\/2022\/11\/cropped-saaswedo-profil_512-1.png\",\"width\":512,\"height\":512,\"caption\":\"SAASWEDO\"},\"image\":{\"@id\":\"https:\/\/www.saaswedo.com\/fr\/#\/schema\/logo\/image\/\"},\"sameAs\":[\"https:\/\/www.linkedin.com\/company\/saaswedo\/?originalSubdomain=fr\"]},{\"@type\":\"Person\",\"@id\":\"https:\/\/www.saaswedo.com\/fr\/#\/schema\/person\/924c38c0af74529437151641611830a7\",\"name\":\"Charles Deplanque\",\"image\":{\"@type\":\"ImageObject\",\"inLanguage\":\"fr-FR\",\"@id\":\"https:\/\/secure.gravatar.com\/avatar\/88a8a3468e6cbbb38e358a7032367c06610a88973f70044d432e6d49689f524d?s=96&d=mm&r=g\",\"url\":\"https:\/\/secure.gravatar.com\/avatar\/88a8a3468e6cbbb38e358a7032367c06610a88973f70044d432e6d49689f524d?s=96&d=mm&r=g\",\"contentUrl\":\"https:\/\/secure.gravatar.com\/avatar\/88a8a3468e6cbbb38e358a7032367c06610a88973f70044d432e6d49689f524d?s=96&d=mm&r=g\",\"caption\":\"Charles Deplanque\"}}]}<\/script>\n<!-- \/ Yoast SEO plugin. -->","yoast_head_json":{"title":"Gestion de la flotte mobile en entreprise : et si on centralisait ?\u00a0","description":"La t\u00e9l\u00e9phonie mobile influence la productivit\u00e9, la s\u00e9curit\u00e9 et l\u2019image de marque, faisant de la gestion centralis\u00e9e un imp\u00e9ratif.","robots":{"index":"index","follow":"follow","max-snippet":"max-snippet:-1","max-image-preview":"max-image-preview:large","max-video-preview":"max-video-preview:-1"},"canonical":"https:\/\/www.saaswedo.com\/fr\/gestion-de-la-telephonie-mobile-en-entreprise-et-si-on-centralisait\/","og_locale":"fr_FR","og_type":"article","og_title":"Gestion de la flotte mobile en entreprise : et si on centralisait ?\u00a0","og_description":"La t\u00e9l\u00e9phonie mobile influence la productivit\u00e9, la s\u00e9curit\u00e9 et l\u2019image de marque, faisant de la gestion centralis\u00e9e un imp\u00e9ratif.","og_url":"https:\/\/www.saaswedo.com\/fr\/gestion-de-la-telephonie-mobile-en-entreprise-et-si-on-centralisait\/","og_site_name":"SAASWEDO - Sustainable Digital Workplace performance","article_published_time":"2025-09-03T07:14:43+00:00","article_modified_time":"2026-03-10T09:41:51+00:00","og_image":[{"width":644,"height":386,"url":"https:\/\/www.saaswedo.com\/wp-content\/uploads\/2025\/08\/old-iphone-in-drawer.jpeg","type":"image\/jpeg"}],"author":"Charles Deplanque","twitter_card":"summary_large_image","twitter_misc":{"\u00c9crit par":"Charles Deplanque","Dur\u00e9e de lecture estim\u00e9e":"2 minutes"},"schema":{"@context":"https:\/\/schema.org","@graph":[{"@type":"Article","@id":"https:\/\/www.saaswedo.com\/fr\/gestion-de-la-telephonie-mobile-en-entreprise-et-si-on-centralisait\/#article","isPartOf":{"@id":"https:\/\/www.saaswedo.com\/fr\/gestion-de-la-telephonie-mobile-en-entreprise-et-si-on-centralisait\/"},"author":{"name":"Charles Deplanque","@id":"https:\/\/www.saaswedo.com\/fr\/#\/schema\/person\/924c38c0af74529437151641611830a7"},"headline":"Gestion de la flotte mobile en entreprise : et si on centralisait ?\u00a0","datePublished":"2025-09-03T07:14:43+00:00","dateModified":"2026-03-10T09:41:51+00:00","mainEntityOfPage":{"@id":"https:\/\/www.saaswedo.com\/fr\/gestion-de-la-telephonie-mobile-en-entreprise-et-si-on-centralisait\/"},"wordCount":394,"publisher":{"@id":"https:\/\/www.saaswedo.com\/fr\/#organization"},"image":{"@id":"https:\/\/www.saaswedo.com\/fr\/gestion-de-la-telephonie-mobile-en-entreprise-et-si-on-centralisait\/#primaryimage"},"thumbnailUrl":"https:\/\/www.saaswedo.com\/wp-content\/uploads\/2025\/08\/old-iphone-in-drawer.jpeg","articleSection":["Actualit\u00e9s"],"inLanguage":"fr-FR"},{"@type":"WebPage","@id":"https:\/\/www.saaswedo.com\/fr\/gestion-de-la-telephonie-mobile-en-entreprise-et-si-on-centralisait\/","url":"https:\/\/www.saaswedo.com\/fr\/gestion-de-la-telephonie-mobile-en-entreprise-et-si-on-centralisait\/","name":"Gestion de la flotte mobile en entreprise : et si on centralisait ?\u00a0","isPartOf":{"@id":"https:\/\/www.saaswedo.com\/fr\/#website"},"primaryImageOfPage":{"@id":"https:\/\/www.saaswedo.com\/fr\/gestion-de-la-telephonie-mobile-en-entreprise-et-si-on-centralisait\/#primaryimage"},"image":{"@id":"https:\/\/www.saaswedo.com\/fr\/gestion-de-la-telephonie-mobile-en-entreprise-et-si-on-centralisait\/#primaryimage"},"thumbnailUrl":"https:\/\/www.saaswedo.com\/wp-content\/uploads\/2025\/08\/old-iphone-in-drawer.jpeg","datePublished":"2025-09-03T07:14:43+00:00","dateModified":"2026-03-10T09:41:51+00:00","description":"La t\u00e9l\u00e9phonie mobile influence la productivit\u00e9, la s\u00e9curit\u00e9 et l\u2019image de marque, faisant de la gestion centralis\u00e9e un imp\u00e9ratif.","breadcrumb":{"@id":"https:\/\/www.saaswedo.com\/fr\/gestion-de-la-telephonie-mobile-en-entreprise-et-si-on-centralisait\/#breadcrumb"},"inLanguage":"fr-FR","potentialAction":[{"@type":"ReadAction","target":["https:\/\/www.saaswedo.com\/fr\/gestion-de-la-telephonie-mobile-en-entreprise-et-si-on-centralisait\/"]}]},{"@type":"ImageObject","inLanguage":"fr-FR","@id":"https:\/\/www.saaswedo.com\/fr\/gestion-de-la-telephonie-mobile-en-entreprise-et-si-on-centralisait\/#primaryimage","url":"https:\/\/www.saaswedo.com\/wp-content\/uploads\/2025\/08\/old-iphone-in-drawer.jpeg","contentUrl":"https:\/\/www.saaswedo.com\/wp-content\/uploads\/2025\/08\/old-iphone-in-drawer.jpeg","width":644,"height":386,"caption":"gestion de la flotte mobile"},{"@type":"BreadcrumbList","@id":"https:\/\/www.saaswedo.com\/fr\/gestion-de-la-telephonie-mobile-en-entreprise-et-si-on-centralisait\/#breadcrumb","itemListElement":[{"@type":"ListItem","position":1,"name":"Accueil","item":"https:\/\/www.saaswedo.com\/fr\/"},{"@type":"ListItem","position":2,"name":"Gestion de la flotte mobile en entreprise : et si on centralisait ?\u00a0"}]},{"@type":"WebSite","@id":"https:\/\/www.saaswedo.com\/fr\/#website","url":"https:\/\/www.saaswedo.com\/fr\/","name":"SAASWEDO - Sustainable Digital Workplace performance","description":"Depuis plus de 15 ans, Saaswedo d\u00e9livre aux entreprises des offres qui permettent de maitriser leur politique IT et t\u00e9l\u00e9com, de simplifier la gestion de leurs actifs et d\u2019optimiser leurs co\u00fbts.","publisher":{"@id":"https:\/\/www.saaswedo.com\/fr\/#organization"},"potentialAction":[{"@type":"SearchAction","target":{"@type":"EntryPoint","urlTemplate":"https:\/\/www.saaswedo.com\/fr\/?s={search_term_string}"},"query-input":{"@type":"PropertyValueSpecification","valueRequired":true,"valueName":"search_term_string"}}],"inLanguage":"fr-FR"},{"@type":"Organization","@id":"https:\/\/www.saaswedo.com\/fr\/#organization","name":"SAASWEDO","url":"https:\/\/www.saaswedo.com\/fr\/","logo":{"@type":"ImageObject","inLanguage":"fr-FR","@id":"https:\/\/www.saaswedo.com\/fr\/#\/schema\/logo\/image\/","url":"https:\/\/www.saaswedo.com\/wp-content\/uploads\/2022\/11\/cropped-saaswedo-profil_512-1.png","contentUrl":"https:\/\/www.saaswedo.com\/wp-content\/uploads\/2022\/11\/cropped-saaswedo-profil_512-1.png","width":512,"height":512,"caption":"SAASWEDO"},"image":{"@id":"https:\/\/www.saaswedo.com\/fr\/#\/schema\/logo\/image\/"},"sameAs":["https:\/\/www.linkedin.com\/company\/saaswedo\/?originalSubdomain=fr"]},{"@type":"Person","@id":"https:\/\/www.saaswedo.com\/fr\/#\/schema\/person\/924c38c0af74529437151641611830a7","name":"Charles Deplanque","image":{"@type":"ImageObject","inLanguage":"fr-FR","@id":"https:\/\/secure.gravatar.com\/avatar\/88a8a3468e6cbbb38e358a7032367c06610a88973f70044d432e6d49689f524d?s=96&d=mm&r=g","url":"https:\/\/secure.gravatar.com\/avatar\/88a8a3468e6cbbb38e358a7032367c06610a88973f70044d432e6d49689f524d?s=96&d=mm&r=g","contentUrl":"https:\/\/secure.gravatar.com\/avatar\/88a8a3468e6cbbb38e358a7032367c06610a88973f70044d432e6d49689f524d?s=96&d=mm&r=g","caption":"Charles Deplanque"}}]}},"_links":{"self":[{"href":"https:\/\/www.saaswedo.com\/fr\/wp-json\/wp\/v2\/posts\/5861","targetHints":{"allow":["GET"]}}],"collection":[{"href":"https:\/\/www.saaswedo.com\/fr\/wp-json\/wp\/v2\/posts"}],"about":[{"href":"https:\/\/www.saaswedo.com\/fr\/wp-json\/wp\/v2\/types\/post"}],"author":[{"embeddable":true,"href":"https:\/\/www.saaswedo.com\/fr\/wp-json\/wp\/v2\/users\/2"}],"replies":[{"embeddable":true,"href":"https:\/\/www.saaswedo.com\/fr\/wp-json\/wp\/v2\/comments?post=5861"}],"version-history":[{"count":8,"href":"https:\/\/www.saaswedo.com\/fr\/wp-json\/wp\/v2\/posts\/5861\/revisions"}],"predecessor-version":[{"id":6832,"href":"https:\/\/www.saaswedo.com\/fr\/wp-json\/wp\/v2\/posts\/5861\/revisions\/6832"}],"wp:featuredmedia":[{"embeddable":true,"href":"https:\/\/www.saaswedo.com\/fr\/wp-json\/wp\/v2\/media\/5784"}],"wp:attachment":[{"href":"https:\/\/www.saaswedo.com\/fr\/wp-json\/wp\/v2\/media?parent=5861"}],"wp:term":[{"taxonomy":"category","embeddable":true,"href":"https:\/\/www.saaswedo.com\/fr\/wp-json\/wp\/v2\/categories?post=5861"},{"taxonomy":"post_tag","embeddable":true,"href":"https:\/\/www.saaswedo.com\/fr\/wp-json\/wp\/v2\/tags?post=5861"}],"curies":[{"name":"wp","href":"https:\/\/api.w.org\/{rel}","templated":true}]}}