{"id":6620,"date":"2026-01-26T16:12:32","date_gmt":"2026-01-26T15:12:32","guid":{"rendered":"https:\/\/www.saaswedo.com\/?p=6620"},"modified":"2026-03-10T10:16:59","modified_gmt":"2026-03-10T09:16:59","slug":"gestion-de-la-mobilite-et-des-depenses-telecoms-2026-ruptures-accelerateurs-criteres-de-differenciation","status":"publish","type":"post","link":"https:\/\/www.saaswedo.com\/fr\/gestion-de-la-mobilite-et-des-depenses-telecoms-2026-ruptures-accelerateurs-criteres-de-differenciation\/","title":{"rendered":"Gestion de la mobilit\u00e9 et des d\u00e9penses t\u00e9l\u00e9coms 2026 : ruptures, acc\u00e9l\u00e9rateurs, crit\u00e8res de diff\u00e9renciation"},"content":{"rendered":"\n<h3 class=\"wp-block-heading\"><strong>Introduction<\/strong><\/h3>\n\n\n\n<p>Le march\u00e9 mondial du Telecom Expense Management (TEM) continue de cro\u00eetre rapidement. Selon des estimations de march\u00e9 r\u00e9centes, la taille du march\u00e9 s\u2019approche de 4,1 milliards USD en 2024, avec des pr\u00e9visions qui le projettent au-del\u00e0 de 7,7 milliards USD d\u2019ici 2030 \u00e0 un taux de croissance annuel compos\u00e9 (CAGR) sup\u00e9rieur \u00e0 11 % entre 2024 et 2030, reflet de la complexit\u00e9 croissante des environnements IT et t\u00e9l\u00e9coms des organisations distribu\u00e9es.<\/p>\n\n\n\n<p>Alors que l\u2019\u00e9cosyst\u00e8me TEM\/MMS \u00e9volue vers une discipline int\u00e9gr\u00e9e couvrant co\u00fbts, inventaire, conformit\u00e9 et gouvernance, 2026 ne sera pas simplement une ann\u00e9e d\u2019ajustement, mais un seuil organisationnel. Les strat\u00e9gies fragment\u00e9es d\u2019hier ne suffiront plus. D\u2019ici l\u00e0, une nouvelle g\u00e9n\u00e9ration de plateformes et de pratiques devra avoir prouv\u00e9 sa capacit\u00e9 \u00e0 aller au-del\u00e0 des promesses marketing pour s\u2019imposer comme v\u00e9ritable socle de pilotage transverse.<\/p>\n\n\n\n<p>Cet article identifie les ruptures structurantes, les acc\u00e9l\u00e9rateurs de transformation, les crit\u00e8res de diff\u00e9renciation qui comptent r\u00e9ellement, et les erreurs strat\u00e9giques qui feront \u00e9chouer les projets \u00e0 horizon 2026. Il s\u2019adresse de mani\u00e8re explicite aux DSI, responsables Achats et directeurs Financiers confront\u00e9s \u00e0 la complexit\u00e9 croissante des d\u00e9penses technologiques.<\/p>\n\n\n\n<h3 class=\"wp-block-heading\"><strong>Trois ruptures majeures qui red\u00e9finissent le TEM\/MMS<\/strong><\/h3>\n\n\n\n<h6 class=\"wp-block-heading\">Rupture 1 : le TEM n\u2019est plus un outil de co\u00fbts, mais une discipline de gouvernance<\/h6>\n\n\n\n<p>La gestion t\u00e9l\u00e9com et mobilit\u00e9 converge avec le pilotage des d\u00e9penses IT, SaaS, cloud et des actifs num\u00e9riques dans un m\u00eame continuum de d\u00e9cision. Une simple agr\u00e9gation de donn\u00e9es n\u2019est pas suffisante : il faut une gouvernance structur\u00e9e, reliant usage, co\u00fbt et conformit\u00e9.<\/p>\n\n\n\n<p>Cette rupture est port\u00e9e par la mont\u00e9e du FinOps \u00e9tendu : FinOps n\u2019est plus cantonn\u00e9 au cloud, mais s\u2019impose comme un cadre pour piloter toutes les d\u00e9penses variables. Mais de nombreuses plateformes se revendiquent \u201cFinOps capable\u201d sans respecter les exigences de normalisation, d\u2019agr\u00e9gation multi-sources et d\u2019alignement business n\u00e9cessaires pour produire des d\u00e9cisions op\u00e9rationnelles.<\/p>\n\n\n\n<h6 class=\"wp-block-heading\">Rupture 2 : la conformit\u00e9 UE devient un avantage comp\u00e9titif, pas juste une contrainte<\/h6>\n\n\n\n<p>Les obligations introduites par la directive CSRD imposent d\u00e8s 2026 un reporting structur\u00e9 sur les impacts environnementaux, sociaux et de gouvernance pour un nombre croissant d\u2019entreprises (crit\u00e8res de taille \u00e9tendus aux PME cot\u00e9es). Dans ce contexte, un TEM\/MMS doit fournir des donn\u00e9es exploitables pour :<\/p>\n\n\n\n<ul class=\"wp-block-list\">\n<li>des reportings ESG auditables ;<\/li>\n\n\n\n<li>la tra\u00e7abilit\u00e9 multi-pays des d\u00e9penses et des \u00e9missions associ\u00e9es ;<\/li>\n\n\n\n<li>l\u2019alignement avec des cadres de double mat\u00e9rialit\u00e9 d\u00e9sormais int\u00e9gr\u00e9s aux pratiques de gouvernance.<\/li>\n<\/ul>\n\n\n\n<p>Ce qui, il y a encore peu, relevait de l\u2019ajout accessoire devient un crit\u00e8re de conformit\u00e9 organisationnelle.<\/p>\n\n\n\n<h6 class=\"wp-block-heading\">Rupture 3 : l\u2019automatisation sans gouvernance produit plus de risques que d\u2019\u00e9conomies<\/h6>\n\n\n\n<p>L\u2019int\u00e9gration d\u2019IA et d\u2019automatisation avanc\u00e9e est souvent pr\u00e9sent\u00e9e comme un \u00ab game changer \u00bb. Pourtant, l\u2019IA appliqu\u00e9e au TEM sans r\u00e8gles de gouvernance robustes m\u00e8ne fr\u00e9quemment \u00e0 des alertes bruit\u00e9es, \u00e0 des r\u00e9ductions de visibilit\u00e9 et \u00e0 des d\u00e9cisions mal calibr\u00e9es (par exemple des recommandations d\u2019optimisation incoh\u00e9rentes localement).<\/p>\n\n\n\n<p>Ceci est particuli\u00e8rement vrai pour les environnements multi-r\u00e9gions, multi-contrats ou multi-devises o\u00f9 les r\u00e8gles fiscales, tarifaires et contractuelles varient. Des analystes montrent que 36 % des d\u00e9ploiements TEM actuels int\u00e8grent d\u00e9j\u00e0 l\u2019IA, mais que, sans cadre d\u2019utilisation mature, cette automatisation g\u00e9n\u00e8re des r\u00e9sultats insuffisants.<\/p>\n\n\n\n<h3 class=\"wp-block-heading\"><strong>Quatre acc\u00e9l\u00e9rateurs qui transformeront r\u00e9ellement le TEM\/MMS d\u2019ici 2026<\/strong><\/h3>\n\n\n\n<h6 class=\"wp-block-heading\">Acc\u00e9l\u00e9rateur 1 : pilotage transversal des d\u00e9penses (IT, t\u00e9l\u00e9com, SaaS, cloud)<\/h6>\n\n\n\n<p>La s\u00e9paration entre TEM, gestion SaaS et pilotage cloud n\u2019a plus de sens strat\u00e9gique. Les d\u00e9penses mobiles, fixes, SaaS et cloud doivent \u00eatre crois\u00e9es pour :<\/p>\n\n\n\n<ul class=\"wp-block-list\">\n<li>d\u00e9tecter les chevauchements (par ex. licences incluses dans des suites UCaaS) ;<\/li>\n\n\n\n<li>rationaliser les redondances ;<\/li>\n\n\n\n<li>arbitrer les priorit\u00e9s m\u00e9tiers.<\/li>\n<\/ul>\n\n\n\n<p>Plus de 69 % des organisations exploitent aujourd\u2019hui des plateformes cloud-based TEM avec visibilit\u00e9 multi-r\u00e9gions, mais seule une minorit\u00e9 en tire des d\u00e9cisions v\u00e9ritablement transversales.<\/p>\n\n\n\n<h6 class=\"wp-block-heading\">Acc\u00e9l\u00e9rateur 2 : normalisation et int\u00e9gration des donn\u00e9es<\/h6>\n\n\n\n<p>Contrairement aux plateformes qui se contentent d\u2019afficher des dashboards, les solutions avanc\u00e9es doivent :<\/p>\n\n\n\n<ul class=\"wp-block-list\">\n<li>normaliser les donn\u00e9es de facturation h\u00e9t\u00e9rog\u00e8nes ;<\/li>\n\n\n\n<li>int\u00e9grer les r\u00e9f\u00e9rentiels d\u2019entreprise (ERP, HR, UEM, ITSM) ;<\/li>\n\n\n\n<li>produire des mesures comparables entre unit\u00e9s, pays et BU.<\/li>\n<\/ul>\n\n\n\n<p>C\u2019est la base indispensable \u00e0 tout pilotage quantifiable.<\/p>\n\n\n\n<h6 class=\"wp-block-heading\">Acc\u00e9l\u00e9rateur 3 : automatisation contr\u00f4l\u00e9e<\/h6>\n\n\n\n<p>L\u2019automatisation doit \u00eatre pilot\u00e9e par des politiques m\u00e9tier, et non seulement par des algorithmes. Cela implique la capacit\u00e9 \u00e0 :<\/p>\n\n\n\n<ul class=\"wp-block-list\">\n<li>d\u00e9finir des r\u00e8gles multi-crit\u00e8res (co\u00fbt, conformit\u00e9, s\u00e9curit\u00e9) ;<\/li>\n\n\n\n<li>surveiller et valider les recommandations ;<\/li>\n\n\n\n<li>produire des workflows d\u2019action inter-\u00e9quipes (Achats, Finance, IT).<\/li>\n<\/ul>\n\n\n\n<p>Sans ce cadre, l\u2019automatisation \u201ccl\u00e9 en main\u201d reste un outil de reporting, pas un levier d\u00e9cisionnel.<\/p>\n\n\n\n<h6 class=\"wp-block-heading\">Acc\u00e9l\u00e9rateur 4 : expertise de gouvernance<\/h6>\n\n\n\n<p>Une plateforme ne suffit jamais sans :<\/p>\n\n\n\n<ul class=\"wp-block-list\">\n<li>des politiques partag\u00e9es,<\/li>\n\n\n\n<li>des processus de d\u00e9cision d\u00e9finis,<\/li>\n\n\n\n<li>des feedbacks m\u00e9tiers int\u00e9gr\u00e9s.<\/li>\n<\/ul>\n\n\n\n<p>C\u2019est ici que se mat\u00e9rialise la valeur r\u00e9elle du TEM\/MMS pour 2026.<\/p>\n\n\n\n<h3 class=\"wp-block-heading\"><strong>Trois crit\u00e8res de diff\u00e9renciation r\u00e9elle en 2026<\/strong><\/h3>\n\n\n\n<p>Loin de la rh\u00e9torique marketing, trois crit\u00e8res permettront d\u2019\u00e9viter les illusions de maturit\u00e9 :<\/p>\n\n\n\n<h6 class=\"wp-block-heading\"><strong>Crit\u00e8re 1 : int\u00e9gration technique vs agr\u00e9gation<\/strong><\/h6>\n\n\n\n<ul class=\"wp-block-list\">\n<li><em>Int\u00e9gration technique<\/em> : source de v\u00e9rit\u00e9 unique synchronis\u00e9e, coh\u00e9rente et exploitable \u2014 indispensable pour multi-lignes, multi-pays, multi-devises.<\/li>\n\n\n\n<li><em>Agr\u00e9gation fonctionnelle<\/em> : simple consolidation visuelle sans standardisation pertinente.<\/li>\n<\/ul>\n\n\n\n<h6 class=\"wp-block-heading\">Crit\u00e8re 2 : pilotage par services et r\u00e9sultats<\/h6>\n\n\n\n<p>Les organisations matures n\u2019exigent plus seulement des dashboards, mais des :<\/p>\n\n\n\n<ul class=\"wp-block-list\">\n<li>engagements contractuels sur SLA r\u00e9sultats (r\u00e9duction de co\u00fbt, visibilit\u00e9, conformit\u00e9),<\/li>\n\n\n\n<li>mesures m\u00e9tiers avec auditabilit\u00e9.<\/li>\n<\/ul>\n\n\n\n<p><strong>Crit\u00e8re 3 : conformit\u00e9 multi-r\u00e9glementaire int\u00e9gr\u00e9e<\/strong><br>Le reporting ESG et la conformit\u00e9 fiscale (TVA, auditabilit\u00e9 des d\u00e9penses) ne doivent plus \u00eatre des modules additionnels, mais des composants natifs du TEM\/MMS align\u00e9s avec les obligations CSRD \/ RGPD.<\/p>\n\n\n\n<h3 class=\"wp-block-heading\"><strong>Matrice de maturit\u00e9 TEM\/MMS pour 2026<\/strong><\/h3>\n\n\n\n<figure class=\"wp-block-table\"><table class=\"has-fixed-layout\"><thead><tr><td><strong>Niveau de maturit\u00e9<\/strong><\/td><td><strong>Visibilit\u00e9<\/strong><\/td><td><strong>Automatisation<\/strong><\/td><td><strong>Gouvernance<\/strong><\/td><td><strong>R\u00e9sultats mesurables<\/strong><\/td><\/tr><\/thead><tbody><tr><td><strong>Initiale<\/strong><\/td><td>Silo, donn\u00e9es \u00e9parses<\/td><td>Faible, manuel<\/td><td>R\u00e9active<\/td><td>R\u00e9sultats ponctuels<\/td><\/tr><tr><td><strong>Interm\u00e9diaire<\/strong><\/td><td>Donn\u00e9es consolid\u00e9es<\/td><td>Automatisation basique<\/td><td>Politiques isol\u00e9es<\/td><td>KPI op\u00e9rationnels<\/td><\/tr><tr><td><strong>Avanc\u00e9e<\/strong><\/td><td>Int\u00e9gration multi-sources<\/td><td>Automatisation pilot\u00e9e<\/td><td>Gouvernance partag\u00e9e<\/td><td>SLA r\u00e9sultats<\/td><\/tr><tr><td><strong>Leader<\/strong><\/td><td>Mod\u00e8le d\u00e9cisionnel unifi\u00e9<\/td><td>Automatisation strat\u00e9gique<\/td><td>Culture FinOps \u00e9tendue<\/td><td>B\u00e9n\u00e9fices financiers &amp; ESG<\/td><\/tr><\/tbody><\/table><\/figure>\n\n\n\n<p>Ce mod\u00e8le sert \u00e0 \u00e9valuer le niveau r\u00e9el de pr\u00e9paration organisationnelle pour 2026, et \u00e0 d\u00e9finir des trajectoires de progression mesurables.<\/p>\n\n\n\n<h3 class=\"wp-block-heading\"><strong>Les erreurs qui feront \u00e9chouer les initiatives TEM\/MMS<\/strong><\/h3>\n\n\n\n<p>Certaines id\u00e9es re\u00e7ues continueront \u00e0 co\u00fbter cher :<\/p>\n\n\n\n<ol class=\"wp-block-list\">\n<li><strong>Automatisation sans cadre<\/strong><br>L\u2019IA sans politiques m\u00e9tier \u00e9tablies g\u00e9n\u00e8re plus de bruit que de signal \u2014 entra\u00eenant des actions co\u00fbteuses ou incorrectes.<\/li>\n\n\n\n<li><strong>Internalisation compl\u00e8te sans gouvernance<\/strong><br>Penser que l\u2019organisation seule peut g\u00e9rer chaque aspect sans expertise externe m\u00e8ne souvent \u00e0 des d\u00e9passements de d\u00e9lai, de budget et de r\u00e9sultats.<\/li>\n\n\n\n<li><strong>Unification superficielle<\/strong><br>Consolider des dashboards sans alignement des r\u00e9f\u00e9rentiels m\u00e8ne \u00e0 une fausse impression de contr\u00f4le.<\/li>\n\n\n\n<li><strong>Ignorer la conformit\u00e9 multi-pays<\/strong><br>N\u00e9gliger TVA, reporting ESG ou contraintes de donn\u00e9es locales expose \u00e0 des risques financiers et r\u00e9glementaires significatifs.<\/li>\n<\/ol>\n\n\n\n<h3 class=\"wp-block-heading\"><strong>Conclusion \u2014 \u00cates-vous pr\u00eats \u00e0 piloter ce niveau de complexit\u00e9 ?<\/strong><\/h3>\n\n\n\n<p>\u00c0 l\u2019aube de 2026, la gestion des d\u00e9penses t\u00e9l\u00e9coms et de la mobilit\u00e9 n\u2019est plus une question de visibilit\u00e9 ponctuelle, mais de gouvernance structur\u00e9e, de r\u00e9sultats mesurables et de conformit\u00e9 int\u00e9gr\u00e9e. Les organisations qui r\u00e9ussissent ce passage transformeront leurs d\u00e9penses en leviers strat\u00e9giques.<\/p>\n\n\n\n<p>Les autres risquent de se heurter \u00e0 des silos persistants, des impacts r\u00e9glementaires inattendus et des transformations incompl\u00e8tes. La question n\u2019est pas uniquement : <em>avez-vous un TEM\/MMS<\/em> \u2014 mais plut\u00f4t : jusqu\u2019o\u00f9 ce TEM\/MMS vous permet-il de piloter vos d\u00e9cisions business, votre conformit\u00e9 r\u00e9glementaire et vos engagements ESG en 2026 et au-del\u00e0 ?<\/p>\n","protected":false},"excerpt":{"rendered":"<p>Introduction Le march\u00e9 mondial du Telecom Expense Management (TEM) continue de cro\u00eetre rapidement. Selon des estimations de march\u00e9 r\u00e9centes, la taille du march\u00e9 s\u2019approche de 4,1 milliards USD en 2024, avec des pr\u00e9visions qui le projettent au-del\u00e0 de 7,7 milliards USD d\u2019ici 2030 \u00e0 un taux de croissance annuel compos\u00e9 (CAGR) sup\u00e9rieur \u00e0 11 % [&hellip;]<\/p>\n","protected":false},"author":2,"featured_media":6624,"comment_status":"closed","ping_status":"closed","sticky":false,"template":"","format":"standard","meta":{"inline_featured_image":false,"footnotes":""},"categories":[14],"tags":[],"class_list":["post-6620","post","type-post","status-publish","format-standard","has-post-thumbnail","hentry","category-actualites","grve-entry-item","grve-blog-item"],"yoast_head":"<!-- This site is optimized with the Yoast SEO plugin v27.2 - https:\/\/yoast.com\/product\/yoast-seo-wordpress\/ -->\n<title>Gestion de la mobilit\u00e9 et des d\u00e9penses t\u00e9l\u00e9coms 2026<\/title>\n<meta name=\"description\" content=\"Quelles sont les ruptures, acc\u00e9l\u00e9rateurs, crit\u00e8res de diff\u00e9renciation de la gestion de la mobilit\u00e9 et des d\u00e9penses t\u00e9l\u00e9coms en 2026 ?\" \/>\n<meta name=\"robots\" content=\"index, follow, max-snippet:-1, max-image-preview:large, max-video-preview:-1\" \/>\n<link rel=\"canonical\" href=\"https:\/\/www.saaswedo.com\/fr\/gestion-de-la-mobilite-et-des-depenses-telecoms-2026-ruptures-accelerateurs-criteres-de-differenciation\/\" \/>\n<meta property=\"og:locale\" content=\"fr_FR\" \/>\n<meta property=\"og:type\" content=\"article\" \/>\n<meta property=\"og:title\" content=\"Gestion de la mobilit\u00e9 et des d\u00e9penses t\u00e9l\u00e9coms 2026\" \/>\n<meta property=\"og:description\" content=\"Quelles sont les ruptures, acc\u00e9l\u00e9rateurs, crit\u00e8res de diff\u00e9renciation de la gestion de la mobilit\u00e9 et des d\u00e9penses t\u00e9l\u00e9coms en 2026 ?\" \/>\n<meta property=\"og:url\" content=\"https:\/\/www.saaswedo.com\/fr\/gestion-de-la-mobilite-et-des-depenses-telecoms-2026-ruptures-accelerateurs-criteres-de-differenciation\/\" \/>\n<meta property=\"og:site_name\" content=\"SAASWEDO - Sustainable Digital Workplace performance\" \/>\n<meta property=\"article:published_time\" content=\"2026-01-26T15:12:32+00:00\" \/>\n<meta property=\"article:modified_time\" content=\"2026-03-10T09:16:59+00:00\" \/>\n<meta property=\"og:image\" content=\"https:\/\/www.saaswedo.com\/wp-content\/uploads\/2026\/01\/application-mobile4-1024x536-1.jpg\" \/>\n\t<meta property=\"og:image:width\" content=\"1024\" \/>\n\t<meta property=\"og:image:height\" content=\"536\" \/>\n\t<meta property=\"og:image:type\" content=\"image\/jpeg\" \/>\n<meta name=\"author\" content=\"Charles Deplanque\" \/>\n<meta name=\"twitter:card\" content=\"summary_large_image\" \/>\n<meta name=\"twitter:label1\" content=\"\u00c9crit par\" \/>\n\t<meta name=\"twitter:data1\" content=\"Charles Deplanque\" \/>\n\t<meta name=\"twitter:label2\" content=\"Dur\u00e9e de lecture estim\u00e9e\" \/>\n\t<meta name=\"twitter:data2\" content=\"6 minutes\" \/>\n<script type=\"application\/ld+json\" class=\"yoast-schema-graph\">{\"@context\":\"https:\/\/schema.org\",\"@graph\":[{\"@type\":\"Article\",\"@id\":\"https:\/\/www.saaswedo.com\/fr\/gestion-de-la-mobilite-et-des-depenses-telecoms-2026-ruptures-accelerateurs-criteres-de-differenciation\/#article\",\"isPartOf\":{\"@id\":\"https:\/\/www.saaswedo.com\/fr\/gestion-de-la-mobilite-et-des-depenses-telecoms-2026-ruptures-accelerateurs-criteres-de-differenciation\/\"},\"author\":{\"name\":\"Charles Deplanque\",\"@id\":\"https:\/\/www.saaswedo.com\/fr\/#\/schema\/person\/924c38c0af74529437151641611830a7\"},\"headline\":\"Gestion de la mobilit\u00e9 et des d\u00e9penses t\u00e9l\u00e9coms 2026 : ruptures, acc\u00e9l\u00e9rateurs, crit\u00e8res de diff\u00e9renciation\",\"datePublished\":\"2026-01-26T15:12:32+00:00\",\"dateModified\":\"2026-03-10T09:16:59+00:00\",\"mainEntityOfPage\":{\"@id\":\"https:\/\/www.saaswedo.com\/fr\/gestion-de-la-mobilite-et-des-depenses-telecoms-2026-ruptures-accelerateurs-criteres-de-differenciation\/\"},\"wordCount\":1366,\"publisher\":{\"@id\":\"https:\/\/www.saaswedo.com\/fr\/#organization\"},\"image\":{\"@id\":\"https:\/\/www.saaswedo.com\/fr\/gestion-de-la-mobilite-et-des-depenses-telecoms-2026-ruptures-accelerateurs-criteres-de-differenciation\/#primaryimage\"},\"thumbnailUrl\":\"https:\/\/www.saaswedo.com\/wp-content\/uploads\/2026\/01\/application-mobile4-1024x536-1.jpg\",\"articleSection\":[\"Actualit\u00e9s\"],\"inLanguage\":\"fr-FR\"},{\"@type\":\"WebPage\",\"@id\":\"https:\/\/www.saaswedo.com\/fr\/gestion-de-la-mobilite-et-des-depenses-telecoms-2026-ruptures-accelerateurs-criteres-de-differenciation\/\",\"url\":\"https:\/\/www.saaswedo.com\/fr\/gestion-de-la-mobilite-et-des-depenses-telecoms-2026-ruptures-accelerateurs-criteres-de-differenciation\/\",\"name\":\"Gestion de la mobilit\u00e9 et des d\u00e9penses t\u00e9l\u00e9coms 2026\",\"isPartOf\":{\"@id\":\"https:\/\/www.saaswedo.com\/fr\/#website\"},\"primaryImageOfPage\":{\"@id\":\"https:\/\/www.saaswedo.com\/fr\/gestion-de-la-mobilite-et-des-depenses-telecoms-2026-ruptures-accelerateurs-criteres-de-differenciation\/#primaryimage\"},\"image\":{\"@id\":\"https:\/\/www.saaswedo.com\/fr\/gestion-de-la-mobilite-et-des-depenses-telecoms-2026-ruptures-accelerateurs-criteres-de-differenciation\/#primaryimage\"},\"thumbnailUrl\":\"https:\/\/www.saaswedo.com\/wp-content\/uploads\/2026\/01\/application-mobile4-1024x536-1.jpg\",\"datePublished\":\"2026-01-26T15:12:32+00:00\",\"dateModified\":\"2026-03-10T09:16:59+00:00\",\"description\":\"Quelles sont les ruptures, acc\u00e9l\u00e9rateurs, crit\u00e8res de diff\u00e9renciation de la gestion de la mobilit\u00e9 et des d\u00e9penses t\u00e9l\u00e9coms en 2026 ?\",\"breadcrumb\":{\"@id\":\"https:\/\/www.saaswedo.com\/fr\/gestion-de-la-mobilite-et-des-depenses-telecoms-2026-ruptures-accelerateurs-criteres-de-differenciation\/#breadcrumb\"},\"inLanguage\":\"fr-FR\",\"potentialAction\":[{\"@type\":\"ReadAction\",\"target\":[\"https:\/\/www.saaswedo.com\/fr\/gestion-de-la-mobilite-et-des-depenses-telecoms-2026-ruptures-accelerateurs-criteres-de-differenciation\/\"]}]},{\"@type\":\"ImageObject\",\"inLanguage\":\"fr-FR\",\"@id\":\"https:\/\/www.saaswedo.com\/fr\/gestion-de-la-mobilite-et-des-depenses-telecoms-2026-ruptures-accelerateurs-criteres-de-differenciation\/#primaryimage\",\"url\":\"https:\/\/www.saaswedo.com\/wp-content\/uploads\/2026\/01\/application-mobile4-1024x536-1.jpg\",\"contentUrl\":\"https:\/\/www.saaswedo.com\/wp-content\/uploads\/2026\/01\/application-mobile4-1024x536-1.jpg\",\"width\":1024,\"height\":536,\"caption\":\"tendances du telecom expense management en 2026\"},{\"@type\":\"BreadcrumbList\",\"@id\":\"https:\/\/www.saaswedo.com\/fr\/gestion-de-la-mobilite-et-des-depenses-telecoms-2026-ruptures-accelerateurs-criteres-de-differenciation\/#breadcrumb\",\"itemListElement\":[{\"@type\":\"ListItem\",\"position\":1,\"name\":\"Accueil\",\"item\":\"https:\/\/www.saaswedo.com\/fr\/\"},{\"@type\":\"ListItem\",\"position\":2,\"name\":\"Gestion de la mobilit\u00e9 et des d\u00e9penses t\u00e9l\u00e9coms 2026 : ruptures, acc\u00e9l\u00e9rateurs, crit\u00e8res de diff\u00e9renciation\"}]},{\"@type\":\"WebSite\",\"@id\":\"https:\/\/www.saaswedo.com\/fr\/#website\",\"url\":\"https:\/\/www.saaswedo.com\/fr\/\",\"name\":\"SAASWEDO - Sustainable Digital Workplace performance\",\"description\":\"Depuis plus de 15 ans, Saaswedo d\u00e9livre aux entreprises des offres qui permettent de maitriser leur politique IT et t\u00e9l\u00e9com, de simplifier la gestion de leurs actifs et d\u2019optimiser leurs co\u00fbts.\",\"publisher\":{\"@id\":\"https:\/\/www.saaswedo.com\/fr\/#organization\"},\"potentialAction\":[{\"@type\":\"SearchAction\",\"target\":{\"@type\":\"EntryPoint\",\"urlTemplate\":\"https:\/\/www.saaswedo.com\/fr\/?s={search_term_string}\"},\"query-input\":{\"@type\":\"PropertyValueSpecification\",\"valueRequired\":true,\"valueName\":\"search_term_string\"}}],\"inLanguage\":\"fr-FR\"},{\"@type\":\"Organization\",\"@id\":\"https:\/\/www.saaswedo.com\/fr\/#organization\",\"name\":\"SAASWEDO\",\"url\":\"https:\/\/www.saaswedo.com\/fr\/\",\"logo\":{\"@type\":\"ImageObject\",\"inLanguage\":\"fr-FR\",\"@id\":\"https:\/\/www.saaswedo.com\/fr\/#\/schema\/logo\/image\/\",\"url\":\"https:\/\/www.saaswedo.com\/wp-content\/uploads\/2022\/11\/cropped-saaswedo-profil_512-1.png\",\"contentUrl\":\"https:\/\/www.saaswedo.com\/wp-content\/uploads\/2022\/11\/cropped-saaswedo-profil_512-1.png\",\"width\":512,\"height\":512,\"caption\":\"SAASWEDO\"},\"image\":{\"@id\":\"https:\/\/www.saaswedo.com\/fr\/#\/schema\/logo\/image\/\"},\"sameAs\":[\"https:\/\/www.linkedin.com\/company\/saaswedo\/?originalSubdomain=fr\"]},{\"@type\":\"Person\",\"@id\":\"https:\/\/www.saaswedo.com\/fr\/#\/schema\/person\/924c38c0af74529437151641611830a7\",\"name\":\"Charles Deplanque\",\"image\":{\"@type\":\"ImageObject\",\"inLanguage\":\"fr-FR\",\"@id\":\"https:\/\/secure.gravatar.com\/avatar\/88a8a3468e6cbbb38e358a7032367c06610a88973f70044d432e6d49689f524d?s=96&d=mm&r=g\",\"url\":\"https:\/\/secure.gravatar.com\/avatar\/88a8a3468e6cbbb38e358a7032367c06610a88973f70044d432e6d49689f524d?s=96&d=mm&r=g\",\"contentUrl\":\"https:\/\/secure.gravatar.com\/avatar\/88a8a3468e6cbbb38e358a7032367c06610a88973f70044d432e6d49689f524d?s=96&d=mm&r=g\",\"caption\":\"Charles Deplanque\"}}]}<\/script>\n<!-- \/ Yoast SEO plugin. -->","yoast_head_json":{"title":"Gestion de la mobilit\u00e9 et des d\u00e9penses t\u00e9l\u00e9coms 2026","description":"Quelles sont les ruptures, acc\u00e9l\u00e9rateurs, crit\u00e8res de diff\u00e9renciation de la gestion de la mobilit\u00e9 et des d\u00e9penses t\u00e9l\u00e9coms en 2026 ?","robots":{"index":"index","follow":"follow","max-snippet":"max-snippet:-1","max-image-preview":"max-image-preview:large","max-video-preview":"max-video-preview:-1"},"canonical":"https:\/\/www.saaswedo.com\/fr\/gestion-de-la-mobilite-et-des-depenses-telecoms-2026-ruptures-accelerateurs-criteres-de-differenciation\/","og_locale":"fr_FR","og_type":"article","og_title":"Gestion de la mobilit\u00e9 et des d\u00e9penses t\u00e9l\u00e9coms 2026","og_description":"Quelles sont les ruptures, acc\u00e9l\u00e9rateurs, crit\u00e8res de diff\u00e9renciation de la gestion de la mobilit\u00e9 et des d\u00e9penses t\u00e9l\u00e9coms en 2026 ?","og_url":"https:\/\/www.saaswedo.com\/fr\/gestion-de-la-mobilite-et-des-depenses-telecoms-2026-ruptures-accelerateurs-criteres-de-differenciation\/","og_site_name":"SAASWEDO - Sustainable Digital Workplace performance","article_published_time":"2026-01-26T15:12:32+00:00","article_modified_time":"2026-03-10T09:16:59+00:00","og_image":[{"width":1024,"height":536,"url":"https:\/\/www.saaswedo.com\/wp-content\/uploads\/2026\/01\/application-mobile4-1024x536-1.jpg","type":"image\/jpeg"}],"author":"Charles Deplanque","twitter_card":"summary_large_image","twitter_misc":{"\u00c9crit par":"Charles Deplanque","Dur\u00e9e de lecture estim\u00e9e":"6 minutes"},"schema":{"@context":"https:\/\/schema.org","@graph":[{"@type":"Article","@id":"https:\/\/www.saaswedo.com\/fr\/gestion-de-la-mobilite-et-des-depenses-telecoms-2026-ruptures-accelerateurs-criteres-de-differenciation\/#article","isPartOf":{"@id":"https:\/\/www.saaswedo.com\/fr\/gestion-de-la-mobilite-et-des-depenses-telecoms-2026-ruptures-accelerateurs-criteres-de-differenciation\/"},"author":{"name":"Charles Deplanque","@id":"https:\/\/www.saaswedo.com\/fr\/#\/schema\/person\/924c38c0af74529437151641611830a7"},"headline":"Gestion de la mobilit\u00e9 et des d\u00e9penses t\u00e9l\u00e9coms 2026 : ruptures, acc\u00e9l\u00e9rateurs, crit\u00e8res de diff\u00e9renciation","datePublished":"2026-01-26T15:12:32+00:00","dateModified":"2026-03-10T09:16:59+00:00","mainEntityOfPage":{"@id":"https:\/\/www.saaswedo.com\/fr\/gestion-de-la-mobilite-et-des-depenses-telecoms-2026-ruptures-accelerateurs-criteres-de-differenciation\/"},"wordCount":1366,"publisher":{"@id":"https:\/\/www.saaswedo.com\/fr\/#organization"},"image":{"@id":"https:\/\/www.saaswedo.com\/fr\/gestion-de-la-mobilite-et-des-depenses-telecoms-2026-ruptures-accelerateurs-criteres-de-differenciation\/#primaryimage"},"thumbnailUrl":"https:\/\/www.saaswedo.com\/wp-content\/uploads\/2026\/01\/application-mobile4-1024x536-1.jpg","articleSection":["Actualit\u00e9s"],"inLanguage":"fr-FR"},{"@type":"WebPage","@id":"https:\/\/www.saaswedo.com\/fr\/gestion-de-la-mobilite-et-des-depenses-telecoms-2026-ruptures-accelerateurs-criteres-de-differenciation\/","url":"https:\/\/www.saaswedo.com\/fr\/gestion-de-la-mobilite-et-des-depenses-telecoms-2026-ruptures-accelerateurs-criteres-de-differenciation\/","name":"Gestion de la mobilit\u00e9 et des d\u00e9penses t\u00e9l\u00e9coms 2026","isPartOf":{"@id":"https:\/\/www.saaswedo.com\/fr\/#website"},"primaryImageOfPage":{"@id":"https:\/\/www.saaswedo.com\/fr\/gestion-de-la-mobilite-et-des-depenses-telecoms-2026-ruptures-accelerateurs-criteres-de-differenciation\/#primaryimage"},"image":{"@id":"https:\/\/www.saaswedo.com\/fr\/gestion-de-la-mobilite-et-des-depenses-telecoms-2026-ruptures-accelerateurs-criteres-de-differenciation\/#primaryimage"},"thumbnailUrl":"https:\/\/www.saaswedo.com\/wp-content\/uploads\/2026\/01\/application-mobile4-1024x536-1.jpg","datePublished":"2026-01-26T15:12:32+00:00","dateModified":"2026-03-10T09:16:59+00:00","description":"Quelles sont les ruptures, acc\u00e9l\u00e9rateurs, crit\u00e8res de diff\u00e9renciation de la gestion de la mobilit\u00e9 et des d\u00e9penses t\u00e9l\u00e9coms en 2026 ?","breadcrumb":{"@id":"https:\/\/www.saaswedo.com\/fr\/gestion-de-la-mobilite-et-des-depenses-telecoms-2026-ruptures-accelerateurs-criteres-de-differenciation\/#breadcrumb"},"inLanguage":"fr-FR","potentialAction":[{"@type":"ReadAction","target":["https:\/\/www.saaswedo.com\/fr\/gestion-de-la-mobilite-et-des-depenses-telecoms-2026-ruptures-accelerateurs-criteres-de-differenciation\/"]}]},{"@type":"ImageObject","inLanguage":"fr-FR","@id":"https:\/\/www.saaswedo.com\/fr\/gestion-de-la-mobilite-et-des-depenses-telecoms-2026-ruptures-accelerateurs-criteres-de-differenciation\/#primaryimage","url":"https:\/\/www.saaswedo.com\/wp-content\/uploads\/2026\/01\/application-mobile4-1024x536-1.jpg","contentUrl":"https:\/\/www.saaswedo.com\/wp-content\/uploads\/2026\/01\/application-mobile4-1024x536-1.jpg","width":1024,"height":536,"caption":"tendances du telecom expense management en 2026"},{"@type":"BreadcrumbList","@id":"https:\/\/www.saaswedo.com\/fr\/gestion-de-la-mobilite-et-des-depenses-telecoms-2026-ruptures-accelerateurs-criteres-de-differenciation\/#breadcrumb","itemListElement":[{"@type":"ListItem","position":1,"name":"Accueil","item":"https:\/\/www.saaswedo.com\/fr\/"},{"@type":"ListItem","position":2,"name":"Gestion de la mobilit\u00e9 et des d\u00e9penses t\u00e9l\u00e9coms 2026 : ruptures, acc\u00e9l\u00e9rateurs, crit\u00e8res de diff\u00e9renciation"}]},{"@type":"WebSite","@id":"https:\/\/www.saaswedo.com\/fr\/#website","url":"https:\/\/www.saaswedo.com\/fr\/","name":"SAASWEDO - Sustainable Digital Workplace performance","description":"Depuis plus de 15 ans, Saaswedo d\u00e9livre aux entreprises des offres qui permettent de maitriser leur politique IT et t\u00e9l\u00e9com, de simplifier la gestion de leurs actifs et d\u2019optimiser leurs co\u00fbts.","publisher":{"@id":"https:\/\/www.saaswedo.com\/fr\/#organization"},"potentialAction":[{"@type":"SearchAction","target":{"@type":"EntryPoint","urlTemplate":"https:\/\/www.saaswedo.com\/fr\/?s={search_term_string}"},"query-input":{"@type":"PropertyValueSpecification","valueRequired":true,"valueName":"search_term_string"}}],"inLanguage":"fr-FR"},{"@type":"Organization","@id":"https:\/\/www.saaswedo.com\/fr\/#organization","name":"SAASWEDO","url":"https:\/\/www.saaswedo.com\/fr\/","logo":{"@type":"ImageObject","inLanguage":"fr-FR","@id":"https:\/\/www.saaswedo.com\/fr\/#\/schema\/logo\/image\/","url":"https:\/\/www.saaswedo.com\/wp-content\/uploads\/2022\/11\/cropped-saaswedo-profil_512-1.png","contentUrl":"https:\/\/www.saaswedo.com\/wp-content\/uploads\/2022\/11\/cropped-saaswedo-profil_512-1.png","width":512,"height":512,"caption":"SAASWEDO"},"image":{"@id":"https:\/\/www.saaswedo.com\/fr\/#\/schema\/logo\/image\/"},"sameAs":["https:\/\/www.linkedin.com\/company\/saaswedo\/?originalSubdomain=fr"]},{"@type":"Person","@id":"https:\/\/www.saaswedo.com\/fr\/#\/schema\/person\/924c38c0af74529437151641611830a7","name":"Charles Deplanque","image":{"@type":"ImageObject","inLanguage":"fr-FR","@id":"https:\/\/secure.gravatar.com\/avatar\/88a8a3468e6cbbb38e358a7032367c06610a88973f70044d432e6d49689f524d?s=96&d=mm&r=g","url":"https:\/\/secure.gravatar.com\/avatar\/88a8a3468e6cbbb38e358a7032367c06610a88973f70044d432e6d49689f524d?s=96&d=mm&r=g","contentUrl":"https:\/\/secure.gravatar.com\/avatar\/88a8a3468e6cbbb38e358a7032367c06610a88973f70044d432e6d49689f524d?s=96&d=mm&r=g","caption":"Charles Deplanque"}}]}},"_links":{"self":[{"href":"https:\/\/www.saaswedo.com\/fr\/wp-json\/wp\/v2\/posts\/6620","targetHints":{"allow":["GET"]}}],"collection":[{"href":"https:\/\/www.saaswedo.com\/fr\/wp-json\/wp\/v2\/posts"}],"about":[{"href":"https:\/\/www.saaswedo.com\/fr\/wp-json\/wp\/v2\/types\/post"}],"author":[{"embeddable":true,"href":"https:\/\/www.saaswedo.com\/fr\/wp-json\/wp\/v2\/users\/2"}],"replies":[{"embeddable":true,"href":"https:\/\/www.saaswedo.com\/fr\/wp-json\/wp\/v2\/comments?post=6620"}],"version-history":[{"count":4,"href":"https:\/\/www.saaswedo.com\/fr\/wp-json\/wp\/v2\/posts\/6620\/revisions"}],"predecessor-version":[{"id":6815,"href":"https:\/\/www.saaswedo.com\/fr\/wp-json\/wp\/v2\/posts\/6620\/revisions\/6815"}],"wp:featuredmedia":[{"embeddable":true,"href":"https:\/\/www.saaswedo.com\/fr\/wp-json\/wp\/v2\/media\/6624"}],"wp:attachment":[{"href":"https:\/\/www.saaswedo.com\/fr\/wp-json\/wp\/v2\/media?parent=6620"}],"wp:term":[{"taxonomy":"category","embeddable":true,"href":"https:\/\/www.saaswedo.com\/fr\/wp-json\/wp\/v2\/categories?post=6620"},{"taxonomy":"post_tag","embeddable":true,"href":"https:\/\/www.saaswedo.com\/fr\/wp-json\/wp\/v2\/tags?post=6620"}],"curies":[{"name":"wp","href":"https:\/\/api.w.org\/{rel}","templated":true}]}}