{"id":7,"date":"2018-01-14T16:28:24","date_gmt":"2018-01-14T15:28:24","guid":{"rendered":"https:\/\/www.saaswedo.com\/rgpd-quand-editeurs-et-grands-comptes-prennent-leur-responsabilite\/"},"modified":"2026-03-10T15:53:29","modified_gmt":"2026-03-10T14:53:29","slug":"rgpd-quand-editeurs-et-grands-comptes-prennent-leur-responsabilite","status":"publish","type":"post","link":"https:\/\/www.saaswedo.com\/fr\/rgpd-quand-editeurs-et-grands-comptes-prennent-leur-responsabilite\/","title":{"rendered":"RGPD : quand \u00e9diteurs et grands comptes prennent leur responsabilit\u00e9"},"content":{"rendered":"<p>Parmi toutes les questions que se posent les entreprises face \u00e0 l\u2019entr\u00e9e en vigueur en mai prochain du r\u00e8glement g\u00e9n\u00e9ral europ\u00e9en sur la protection des donn\u00e9es personnelles (RGPD), la premi\u00e8re est sans doute : va-t-on vraiment voir une amende de 4% du chiffre d\u2019affaires tomber ? Et, le cas \u00e9ch\u00e9ant, qui sera le premier ?<\/p>\n<p>Au-del\u00e0 de souligner la confusion qui peut r\u00e9gner pour de nombreux entrepreneurs sur le sujet, ces interrogations devraient pousser les d\u00e9cideurs \u00e0 aller plus loin, en se posant la question \u00e9pineuse de la r\u00e9partition des responsabilit\u00e9s entre clients et prestataires dans ce nouveau monde RGPD \u00e0 venir.<\/p>\n<p>En tant que co-pr\u00e9sident du coll\u00e8ge \u00e9diteur de logiciels de Syntec Num\u00e9rique, et Pr\u00e9sident de l\u2019\u00e9diteur Saaswedo, je suis depuis plusieurs mois aux premi\u00e8res loges pour constater que beaucoup d\u2019acteurs sont d\u00e9sempar\u00e9s quand on aborde cette question de la r\u00e9partition des responsabilit\u00e9s, alors que les grands groupes m\u00e8nent au pas de course leur mise en conformit\u00e9 au RGPD.<\/p>\n<p>Bien s\u00fbr, ce seront eux en premier qui seront contr\u00f4l\u00e9s et, potentiellement, sanctionn\u00e9s\u2026 mais la CNIL pourra aussi contr\u00f4ler les sous-traitants pour v\u00e9rifier que leurs obligations \u00ab propres \u00bb sont bien respect\u00e9es. Ainsi <a href=\"http:\/\/www.privacy-regulation.eu\/fr\/82.htm\">l\u2019article 82 du RGPD cadre avec pr\u00e9cision cet aspect\u00a0<\/a>: les sous-traitants doivent pouvoir se pr\u00e9munir en \u00e9tant au clair sur le respect de ces obligations.<\/p>\n<p>Alors que la data est la cl\u00e9 de plus en plus de <em>business models<\/em>, la CNIL appelle d\u2019ailleurs \u00e0 raison \u00e0 la vigilance sur le sujet de la sous-traitance dans ses recommandations sur la protection des donn\u00e9es personnelles. Un \u00e9diteur est directement responsable des donn\u00e9es qu\u2019il traite (gestion RH, clients, etc.). Il peut aussi \u00eatre dans certain cas sous-traitant pour les donn\u00e9es qu\u2019il traite pour le compte de son client \u2013 ce qui ne l\u2019exempt donc pas pour autant de responsabilit\u00e9.<\/p>\n<p><a href=\"https:\/\/www.cnil.fr\/sites\/default\/files\/typo\/document\/Guide_securite-VD.pdf\">\u00abLes donn\u00e9es \u00e0 caract\u00e8re personnel communiqu\u00e9es \u00e0 ou g\u00e9r\u00e9es par des sous-traitants doivent b\u00e9n\u00e9ficier de garanties de s\u00e9curit\u00e9.\u00a0\u00bb<\/a> pr\u00e9vient une fiche pratique de la Commission. <a href=\"https:\/\/www.google.fr\/url?sa=t&amp;rct=j&amp;q=&amp;esrc=s&amp;source=web&amp;cd=1&amp;cad=rja&amp;uact=8&amp;ved=0ahUKEwjLyaWo2eHYAhUEFywKHayqCoEQFggnMAA&amp;url=https%3A%2F%2Fwww.cnil.fr%2Fsites%2Fdefault%2Ffiles%2Fatoms%2Ffiles%2Frgpd-guide_sous-traitant-cnil.pdf&amp;usg=AOvVaw0EOy4TfkQuggroDO027wnw\">La CNIL a \u00e9galement consacr\u00e9 un guide sur le sujet<\/a> \u00e0 l\u2019aune du r\u00e8glement. Dans le cadre du RGPD, c\u2019est bien \u00e0 la fois la question de la s\u00e9curit\u00e9 des syst\u00e8mes, de la confidentialit\u00e9 des donn\u00e9es et de la documentation sur leurs usages qui sont au c\u0153ur des enjeux des \u00e9diteurs de logiciels.<\/p>\n<p>Ceux-ci ont de plus une obligation de conseil vis-\u00e0-vis de leurs clients, car si certains de ces derniers sont pr\u00eats \u00e0 aller plus loin que le RGPD, d\u2019autres souhaiteraient au contraire ne pas se pr\u00e9occuper de telles contraintes.<\/p>\n<p>Ainsi les \u00e9diteurs \u2013 je le vis pour Saaswedo \u2013 amendent volontiers leurs outils pour \u00eatre conformes aux exigences de s\u00e9curit\u00e9 en termes de gestion des mots de passe par exemple ou de <em>privacy by design<\/em> au niveau des traitements r\u00e9alis\u00e9s et d\u00fbment suivis. Nous avons d\u2019ailleurs mis en place un syst\u00e8me de \u00ab tra\u00e7age \u00bb pr\u00e9cis de l\u2019utilisation des donn\u00e9es qui transitent par nos outils.<\/p>\n<p>Pourtant certaines de ces d\u00e9cisions peuvent d\u00e9j\u00e0 cr\u00e9er des frictions avec des clients ! On entend d\u00e9j\u00e0 hurler ceux qui se verront expliquer que les mots de passe qu\u2019ils ont d\u00e9finis pour leurs utilisateurs en authentification unique (SSO) dans un mod\u00e8le SaaS, ne sont pas suffisamment s\u00fbrs\u2026 Si la culture de la s\u00e9curit\u00e9 \u00e9tait si r\u00e9pandue, il n\u2019y aurait sans doute pas de RGPD.<\/p>\n<p>Les probl\u00e8mes vont malheureusement bien au-del\u00e0 d\u2019une telle anecdote. La tentation est en effet importante pour certains \u00ab grands \u00bb de profiter de l\u2019effet RGPD pour faire porter beaucoup plus que de raisonnable la responsabilit\u00e9 sur leurs partenaires et fournisseurs.<\/p>\n<p>Leurs exigences, sur les organisations, les processus, les lieux de travail, peuvent d\u00e9passer de loin l\u2019\u00e9volution b\u00e9n\u00e9fique d\u2019un produit\u2026 parfois m\u00eame jusqu\u2019\u00e0 d\u00e9responsabiliser leurs propres collaborateurs, qui transmettront par exemple plus de donn\u00e9es que n\u00e9cessaires \u00e0 un prestataire.<\/p>\n<p>En France, 80% des \u00e9diteurs de logiciels ont un effectif de moins de 20 personnes. Le d\u00e9veloppement d\u2019un r\u00f4le de Data Protection Officer, par exemple, est d\u00e9j\u00e0 pour ces acteurs un grand chamboulement. M\u00eame mutualis\u00e9e, la cr\u00e9ation d\u2019un tel poste de toute pi\u00e8ce empi\u00e8te sur les marges.<\/p>\n<p>Ne l\u2019oublions pas : en plus d\u2019\u00eatre un sujet s\u00e9curit\u00e9 et \u00e9thique, le RGPD est une r\u00e9alit\u00e9 \u00e9conomique. Face aux efforts d\u00e9j\u00e0 d\u00e9ploy\u00e9s, il est donc dommage de voir certains grands acteurs essayer de profiter de la confusion et de la proximit\u00e9 de l\u2019\u00e9ch\u00e9ance pour inverser les r\u00f4les et se d\u00e9charger de leurs responsabilit\u00e9s.<\/p>\n<p>En 2018, de nombreux professionnels \u2013 <a href=\"https:\/\/syntec-numerique.fr\/actu-informatique\/rgpd-mobilisation-renforcee-syntec-numerique-dans-derniere-ligne-droite\">parmi lesquels Syntec Num\u00e9rique tient \u00e9videmment son r\u00f4le \u2013<\/a> continuent donc de mener un travail de fond de vulgarisation et d\u2019aide pour permettre aux \u00e9diteurs de logiciels de prendre leurs propres responsabilit\u00e9s\u2026 sans se noyer sous celles des autres\u00a0! Car si chacun assume sa part sur ce sujet critique, tout \u00e0 la fois citoyen, business et technologique, alors nul doute que c\u2019est toute notre \u00e9conomie qui en sortira grandie.<\/p>\n","protected":false},"excerpt":{"rendered":"<p>Parmi toutes les questions que se posent les entreprises face \u00e0 l\u2019entr\u00e9e en vigueur en mai prochain du r\u00e8glement g\u00e9n\u00e9ral europ\u00e9en sur la protection des donn\u00e9es personnelles (RGPD), la premi\u00e8re est sans doute : va-t-on vraiment voir une amende de 4% du chiffre d\u2019affaires tomber ? Et, le cas \u00e9ch\u00e9ant, qui sera le premier ? [&hellip;]<\/p>\n","protected":false},"author":2,"featured_media":8,"comment_status":"closed","ping_status":"open","sticky":false,"template":"","format":"standard","meta":{"inline_featured_image":false,"footnotes":""},"categories":[14],"tags":[],"class_list":["post-7","post","type-post","status-publish","format-standard","has-post-thumbnail","hentry","category-actualites","grve-entry-item","grve-blog-item"],"yoast_head":"<!-- This site is optimized with the Yoast SEO plugin v27.2 - https:\/\/yoast.com\/product\/yoast-seo-wordpress\/ -->\n<title>RGPD : quand \u00e9diteurs et grands comptes prennent leur responsabilit\u00e9 - Saaswedo - Performance durable de la Digital Workplace<\/title>\n<meta name=\"robots\" content=\"index, follow, max-snippet:-1, max-image-preview:large, max-video-preview:-1\" \/>\n<link rel=\"canonical\" href=\"https:\/\/www.saaswedo.com\/fr\/rgpd-quand-editeurs-et-grands-comptes-prennent-leur-responsabilite\/\" \/>\n<meta property=\"og:locale\" content=\"fr_FR\" \/>\n<meta property=\"og:type\" content=\"article\" \/>\n<meta property=\"og:title\" content=\"RGPD : quand \u00e9diteurs et grands comptes prennent leur responsabilit\u00e9\" \/>\n<meta property=\"og:description\" content=\"Parmi toutes les questions que se posent les entreprises face \u00e0 l\u2019entr\u00e9e en vigueur en mai prochain du r\u00e8glement g\u00e9n\u00e9ral europ\u00e9en sur la protection des ...\" \/>\n<meta property=\"og:url\" content=\"https:\/\/www.saaswedo.com\/fr\/rgpd-quand-editeurs-et-grands-comptes-prennent-leur-responsabilite\/\" \/>\n<meta property=\"og:site_name\" content=\"SAASWEDO - Sustainable Digital Workplace performance\" \/>\n<meta property=\"article:published_time\" content=\"2018-01-14T15:28:24+00:00\" \/>\n<meta property=\"article:modified_time\" content=\"2026-03-10T14:53:29+00:00\" \/>\n<meta property=\"og:image\" content=\"https:\/\/www.saaswedo.com\/wp-content\/uploads\/2022\/11\/logo-protection-small.png\" \/>\n\t<meta property=\"og:image:width\" content=\"900\" \/>\n\t<meta property=\"og:image:height\" content=\"536\" \/>\n\t<meta property=\"og:image:type\" content=\"image\/png\" \/>\n<meta name=\"author\" content=\"Charles Deplanque\" \/>\n<meta name=\"twitter:card\" content=\"summary_large_image\" \/>\n<meta name=\"twitter:title\" content=\"RGPD : quand \u00e9diteurs et grands comptes prennent leur responsabilit\u00e9\" \/>\n<meta name=\"twitter:description\" content=\"Parmi toutes les questions que se posent les entreprises face \u00e0 l\u2019entr\u00e9e en vigueur en mai prochain du r\u00e8glement g\u00e9n\u00e9ral europ\u00e9en sur la protection des ...\" \/>\n<meta name=\"twitter:label1\" content=\"\u00c9crit par\" \/>\n\t<meta name=\"twitter:data1\" content=\"Charles Deplanque\" \/>\n\t<meta name=\"twitter:label2\" content=\"Dur\u00e9e de lecture estim\u00e9e\" \/>\n\t<meta name=\"twitter:data2\" content=\"4 minutes\" \/>\n<script type=\"application\/ld+json\" class=\"yoast-schema-graph\">{\"@context\":\"https:\/\/schema.org\",\"@graph\":[{\"@type\":\"Article\",\"@id\":\"https:\/\/www.saaswedo.com\/fr\/rgpd-quand-editeurs-et-grands-comptes-prennent-leur-responsabilite\/#article\",\"isPartOf\":{\"@id\":\"https:\/\/www.saaswedo.com\/fr\/rgpd-quand-editeurs-et-grands-comptes-prennent-leur-responsabilite\/\"},\"author\":{\"name\":\"Charles Deplanque\",\"@id\":\"https:\/\/www.saaswedo.com\/fr\/#\/schema\/person\/924c38c0af74529437151641611830a7\"},\"headline\":\"RGPD : quand \u00e9diteurs et grands comptes prennent leur responsabilit\u00e9\",\"datePublished\":\"2018-01-14T15:28:24+00:00\",\"dateModified\":\"2026-03-10T14:53:29+00:00\",\"mainEntityOfPage\":{\"@id\":\"https:\/\/www.saaswedo.com\/fr\/rgpd-quand-editeurs-et-grands-comptes-prennent-leur-responsabilite\/\"},\"wordCount\":898,\"publisher\":{\"@id\":\"https:\/\/www.saaswedo.com\/fr\/#organization\"},\"image\":{\"@id\":\"https:\/\/www.saaswedo.com\/fr\/rgpd-quand-editeurs-et-grands-comptes-prennent-leur-responsabilite\/#primaryimage\"},\"thumbnailUrl\":\"https:\/\/www.saaswedo.com\/wp-content\/uploads\/2022\/11\/logo-protection-small.png\",\"articleSection\":[\"Actualit\u00e9s\"],\"inLanguage\":\"fr-FR\"},{\"@type\":\"WebPage\",\"@id\":\"https:\/\/www.saaswedo.com\/fr\/rgpd-quand-editeurs-et-grands-comptes-prennent-leur-responsabilite\/\",\"url\":\"https:\/\/www.saaswedo.com\/fr\/rgpd-quand-editeurs-et-grands-comptes-prennent-leur-responsabilite\/\",\"name\":\"RGPD : quand \u00e9diteurs et grands comptes prennent leur responsabilit\u00e9 - Saaswedo - Performance durable de la Digital Workplace\",\"isPartOf\":{\"@id\":\"https:\/\/www.saaswedo.com\/fr\/#website\"},\"primaryImageOfPage\":{\"@id\":\"https:\/\/www.saaswedo.com\/fr\/rgpd-quand-editeurs-et-grands-comptes-prennent-leur-responsabilite\/#primaryimage\"},\"image\":{\"@id\":\"https:\/\/www.saaswedo.com\/fr\/rgpd-quand-editeurs-et-grands-comptes-prennent-leur-responsabilite\/#primaryimage\"},\"thumbnailUrl\":\"https:\/\/www.saaswedo.com\/wp-content\/uploads\/2022\/11\/logo-protection-small.png\",\"datePublished\":\"2018-01-14T15:28:24+00:00\",\"dateModified\":\"2026-03-10T14:53:29+00:00\",\"breadcrumb\":{\"@id\":\"https:\/\/www.saaswedo.com\/fr\/rgpd-quand-editeurs-et-grands-comptes-prennent-leur-responsabilite\/#breadcrumb\"},\"inLanguage\":\"fr-FR\",\"potentialAction\":[{\"@type\":\"ReadAction\",\"target\":[\"https:\/\/www.saaswedo.com\/fr\/rgpd-quand-editeurs-et-grands-comptes-prennent-leur-responsabilite\/\"]}]},{\"@type\":\"ImageObject\",\"inLanguage\":\"fr-FR\",\"@id\":\"https:\/\/www.saaswedo.com\/fr\/rgpd-quand-editeurs-et-grands-comptes-prennent-leur-responsabilite\/#primaryimage\",\"url\":\"https:\/\/www.saaswedo.com\/wp-content\/uploads\/2022\/11\/logo-protection-small.png\",\"contentUrl\":\"https:\/\/www.saaswedo.com\/wp-content\/uploads\/2022\/11\/logo-protection-small.png\",\"width\":900,\"height\":536},{\"@type\":\"BreadcrumbList\",\"@id\":\"https:\/\/www.saaswedo.com\/fr\/rgpd-quand-editeurs-et-grands-comptes-prennent-leur-responsabilite\/#breadcrumb\",\"itemListElement\":[{\"@type\":\"ListItem\",\"position\":1,\"name\":\"Accueil\",\"item\":\"https:\/\/www.saaswedo.com\/fr\/\"},{\"@type\":\"ListItem\",\"position\":2,\"name\":\"RGPD : quand \u00e9diteurs et grands comptes prennent leur responsabilit\u00e9\"}]},{\"@type\":\"WebSite\",\"@id\":\"https:\/\/www.saaswedo.com\/fr\/#website\",\"url\":\"https:\/\/www.saaswedo.com\/fr\/\",\"name\":\"SAASWEDO - Sustainable Digital Workplace performance\",\"description\":\"Depuis plus de 15 ans, Saaswedo d\u00e9livre aux entreprises des offres qui permettent de maitriser leur politique IT et t\u00e9l\u00e9com, de simplifier la gestion de leurs actifs et d\u2019optimiser leurs co\u00fbts.\",\"publisher\":{\"@id\":\"https:\/\/www.saaswedo.com\/fr\/#organization\"},\"potentialAction\":[{\"@type\":\"SearchAction\",\"target\":{\"@type\":\"EntryPoint\",\"urlTemplate\":\"https:\/\/www.saaswedo.com\/fr\/?s={search_term_string}\"},\"query-input\":{\"@type\":\"PropertyValueSpecification\",\"valueRequired\":true,\"valueName\":\"search_term_string\"}}],\"inLanguage\":\"fr-FR\"},{\"@type\":\"Organization\",\"@id\":\"https:\/\/www.saaswedo.com\/fr\/#organization\",\"name\":\"SAASWEDO\",\"url\":\"https:\/\/www.saaswedo.com\/fr\/\",\"logo\":{\"@type\":\"ImageObject\",\"inLanguage\":\"fr-FR\",\"@id\":\"https:\/\/www.saaswedo.com\/fr\/#\/schema\/logo\/image\/\",\"url\":\"https:\/\/www.saaswedo.com\/wp-content\/uploads\/2022\/11\/cropped-saaswedo-profil_512-1.png\",\"contentUrl\":\"https:\/\/www.saaswedo.com\/wp-content\/uploads\/2022\/11\/cropped-saaswedo-profil_512-1.png\",\"width\":512,\"height\":512,\"caption\":\"SAASWEDO\"},\"image\":{\"@id\":\"https:\/\/www.saaswedo.com\/fr\/#\/schema\/logo\/image\/\"},\"sameAs\":[\"https:\/\/www.linkedin.com\/company\/saaswedo\/?originalSubdomain=fr\"]},{\"@type\":\"Person\",\"@id\":\"https:\/\/www.saaswedo.com\/fr\/#\/schema\/person\/924c38c0af74529437151641611830a7\",\"name\":\"Charles Deplanque\",\"image\":{\"@type\":\"ImageObject\",\"inLanguage\":\"fr-FR\",\"@id\":\"https:\/\/secure.gravatar.com\/avatar\/88a8a3468e6cbbb38e358a7032367c06610a88973f70044d432e6d49689f524d?s=96&d=mm&r=g\",\"url\":\"https:\/\/secure.gravatar.com\/avatar\/88a8a3468e6cbbb38e358a7032367c06610a88973f70044d432e6d49689f524d?s=96&d=mm&r=g\",\"contentUrl\":\"https:\/\/secure.gravatar.com\/avatar\/88a8a3468e6cbbb38e358a7032367c06610a88973f70044d432e6d49689f524d?s=96&d=mm&r=g\",\"caption\":\"Charles Deplanque\"}}]}<\/script>\n<!-- \/ Yoast SEO plugin. -->","yoast_head_json":{"title":"RGPD : quand \u00e9diteurs et grands comptes prennent leur responsabilit\u00e9 - Saaswedo - Performance durable de la Digital Workplace","robots":{"index":"index","follow":"follow","max-snippet":"max-snippet:-1","max-image-preview":"max-image-preview:large","max-video-preview":"max-video-preview:-1"},"canonical":"https:\/\/www.saaswedo.com\/fr\/rgpd-quand-editeurs-et-grands-comptes-prennent-leur-responsabilite\/","og_locale":"fr_FR","og_type":"article","og_title":"RGPD : quand \u00e9diteurs et grands comptes prennent leur responsabilit\u00e9","og_description":"Parmi toutes les questions que se posent les entreprises face \u00e0 l\u2019entr\u00e9e en vigueur en mai prochain du r\u00e8glement g\u00e9n\u00e9ral europ\u00e9en sur la protection des ...","og_url":"https:\/\/www.saaswedo.com\/fr\/rgpd-quand-editeurs-et-grands-comptes-prennent-leur-responsabilite\/","og_site_name":"SAASWEDO - Sustainable Digital Workplace performance","article_published_time":"2018-01-14T15:28:24+00:00","article_modified_time":"2026-03-10T14:53:29+00:00","og_image":[{"width":900,"height":536,"url":"https:\/\/www.saaswedo.com\/wp-content\/uploads\/2022\/11\/logo-protection-small.png","type":"image\/png"}],"author":"Charles Deplanque","twitter_card":"summary_large_image","twitter_title":"RGPD : quand \u00e9diteurs et grands comptes prennent leur responsabilit\u00e9","twitter_description":"Parmi toutes les questions que se posent les entreprises face \u00e0 l\u2019entr\u00e9e en vigueur en mai prochain du r\u00e8glement g\u00e9n\u00e9ral europ\u00e9en sur la protection des ...","twitter_misc":{"\u00c9crit par":"Charles Deplanque","Dur\u00e9e de lecture estim\u00e9e":"4 minutes"},"schema":{"@context":"https:\/\/schema.org","@graph":[{"@type":"Article","@id":"https:\/\/www.saaswedo.com\/fr\/rgpd-quand-editeurs-et-grands-comptes-prennent-leur-responsabilite\/#article","isPartOf":{"@id":"https:\/\/www.saaswedo.com\/fr\/rgpd-quand-editeurs-et-grands-comptes-prennent-leur-responsabilite\/"},"author":{"name":"Charles Deplanque","@id":"https:\/\/www.saaswedo.com\/fr\/#\/schema\/person\/924c38c0af74529437151641611830a7"},"headline":"RGPD : quand \u00e9diteurs et grands comptes prennent leur responsabilit\u00e9","datePublished":"2018-01-14T15:28:24+00:00","dateModified":"2026-03-10T14:53:29+00:00","mainEntityOfPage":{"@id":"https:\/\/www.saaswedo.com\/fr\/rgpd-quand-editeurs-et-grands-comptes-prennent-leur-responsabilite\/"},"wordCount":898,"publisher":{"@id":"https:\/\/www.saaswedo.com\/fr\/#organization"},"image":{"@id":"https:\/\/www.saaswedo.com\/fr\/rgpd-quand-editeurs-et-grands-comptes-prennent-leur-responsabilite\/#primaryimage"},"thumbnailUrl":"https:\/\/www.saaswedo.com\/wp-content\/uploads\/2022\/11\/logo-protection-small.png","articleSection":["Actualit\u00e9s"],"inLanguage":"fr-FR"},{"@type":"WebPage","@id":"https:\/\/www.saaswedo.com\/fr\/rgpd-quand-editeurs-et-grands-comptes-prennent-leur-responsabilite\/","url":"https:\/\/www.saaswedo.com\/fr\/rgpd-quand-editeurs-et-grands-comptes-prennent-leur-responsabilite\/","name":"RGPD : quand \u00e9diteurs et grands comptes prennent leur responsabilit\u00e9 - Saaswedo - Performance durable de la Digital Workplace","isPartOf":{"@id":"https:\/\/www.saaswedo.com\/fr\/#website"},"primaryImageOfPage":{"@id":"https:\/\/www.saaswedo.com\/fr\/rgpd-quand-editeurs-et-grands-comptes-prennent-leur-responsabilite\/#primaryimage"},"image":{"@id":"https:\/\/www.saaswedo.com\/fr\/rgpd-quand-editeurs-et-grands-comptes-prennent-leur-responsabilite\/#primaryimage"},"thumbnailUrl":"https:\/\/www.saaswedo.com\/wp-content\/uploads\/2022\/11\/logo-protection-small.png","datePublished":"2018-01-14T15:28:24+00:00","dateModified":"2026-03-10T14:53:29+00:00","breadcrumb":{"@id":"https:\/\/www.saaswedo.com\/fr\/rgpd-quand-editeurs-et-grands-comptes-prennent-leur-responsabilite\/#breadcrumb"},"inLanguage":"fr-FR","potentialAction":[{"@type":"ReadAction","target":["https:\/\/www.saaswedo.com\/fr\/rgpd-quand-editeurs-et-grands-comptes-prennent-leur-responsabilite\/"]}]},{"@type":"ImageObject","inLanguage":"fr-FR","@id":"https:\/\/www.saaswedo.com\/fr\/rgpd-quand-editeurs-et-grands-comptes-prennent-leur-responsabilite\/#primaryimage","url":"https:\/\/www.saaswedo.com\/wp-content\/uploads\/2022\/11\/logo-protection-small.png","contentUrl":"https:\/\/www.saaswedo.com\/wp-content\/uploads\/2022\/11\/logo-protection-small.png","width":900,"height":536},{"@type":"BreadcrumbList","@id":"https:\/\/www.saaswedo.com\/fr\/rgpd-quand-editeurs-et-grands-comptes-prennent-leur-responsabilite\/#breadcrumb","itemListElement":[{"@type":"ListItem","position":1,"name":"Accueil","item":"https:\/\/www.saaswedo.com\/fr\/"},{"@type":"ListItem","position":2,"name":"RGPD : quand \u00e9diteurs et grands comptes prennent leur responsabilit\u00e9"}]},{"@type":"WebSite","@id":"https:\/\/www.saaswedo.com\/fr\/#website","url":"https:\/\/www.saaswedo.com\/fr\/","name":"SAASWEDO - Sustainable Digital Workplace performance","description":"Depuis plus de 15 ans, Saaswedo d\u00e9livre aux entreprises des offres qui permettent de maitriser leur politique IT et t\u00e9l\u00e9com, de simplifier la gestion de leurs actifs et d\u2019optimiser leurs co\u00fbts.","publisher":{"@id":"https:\/\/www.saaswedo.com\/fr\/#organization"},"potentialAction":[{"@type":"SearchAction","target":{"@type":"EntryPoint","urlTemplate":"https:\/\/www.saaswedo.com\/fr\/?s={search_term_string}"},"query-input":{"@type":"PropertyValueSpecification","valueRequired":true,"valueName":"search_term_string"}}],"inLanguage":"fr-FR"},{"@type":"Organization","@id":"https:\/\/www.saaswedo.com\/fr\/#organization","name":"SAASWEDO","url":"https:\/\/www.saaswedo.com\/fr\/","logo":{"@type":"ImageObject","inLanguage":"fr-FR","@id":"https:\/\/www.saaswedo.com\/fr\/#\/schema\/logo\/image\/","url":"https:\/\/www.saaswedo.com\/wp-content\/uploads\/2022\/11\/cropped-saaswedo-profil_512-1.png","contentUrl":"https:\/\/www.saaswedo.com\/wp-content\/uploads\/2022\/11\/cropped-saaswedo-profil_512-1.png","width":512,"height":512,"caption":"SAASWEDO"},"image":{"@id":"https:\/\/www.saaswedo.com\/fr\/#\/schema\/logo\/image\/"},"sameAs":["https:\/\/www.linkedin.com\/company\/saaswedo\/?originalSubdomain=fr"]},{"@type":"Person","@id":"https:\/\/www.saaswedo.com\/fr\/#\/schema\/person\/924c38c0af74529437151641611830a7","name":"Charles Deplanque","image":{"@type":"ImageObject","inLanguage":"fr-FR","@id":"https:\/\/secure.gravatar.com\/avatar\/88a8a3468e6cbbb38e358a7032367c06610a88973f70044d432e6d49689f524d?s=96&d=mm&r=g","url":"https:\/\/secure.gravatar.com\/avatar\/88a8a3468e6cbbb38e358a7032367c06610a88973f70044d432e6d49689f524d?s=96&d=mm&r=g","contentUrl":"https:\/\/secure.gravatar.com\/avatar\/88a8a3468e6cbbb38e358a7032367c06610a88973f70044d432e6d49689f524d?s=96&d=mm&r=g","caption":"Charles Deplanque"}}]}},"_links":{"self":[{"href":"https:\/\/www.saaswedo.com\/fr\/wp-json\/wp\/v2\/posts\/7","targetHints":{"allow":["GET"]}}],"collection":[{"href":"https:\/\/www.saaswedo.com\/fr\/wp-json\/wp\/v2\/posts"}],"about":[{"href":"https:\/\/www.saaswedo.com\/fr\/wp-json\/wp\/v2\/types\/post"}],"author":[{"embeddable":true,"href":"https:\/\/www.saaswedo.com\/fr\/wp-json\/wp\/v2\/users\/2"}],"replies":[{"embeddable":true,"href":"https:\/\/www.saaswedo.com\/fr\/wp-json\/wp\/v2\/comments?post=7"}],"version-history":[{"count":2,"href":"https:\/\/www.saaswedo.com\/fr\/wp-json\/wp\/v2\/posts\/7\/revisions"}],"predecessor-version":[{"id":6908,"href":"https:\/\/www.saaswedo.com\/fr\/wp-json\/wp\/v2\/posts\/7\/revisions\/6908"}],"wp:featuredmedia":[{"embeddable":true,"href":"https:\/\/www.saaswedo.com\/fr\/wp-json\/wp\/v2\/media\/8"}],"wp:attachment":[{"href":"https:\/\/www.saaswedo.com\/fr\/wp-json\/wp\/v2\/media?parent=7"}],"wp:term":[{"taxonomy":"category","embeddable":true,"href":"https:\/\/www.saaswedo.com\/fr\/wp-json\/wp\/v2\/categories?post=7"},{"taxonomy":"post_tag","embeddable":true,"href":"https:\/\/www.saaswedo.com\/fr\/wp-json\/wp\/v2\/tags?post=7"}],"curies":[{"name":"wp","href":"https:\/\/api.w.org\/{rel}","templated":true}]}}